{"id":19995,"date":"2021-05-01T16:45:38","date_gmt":"2021-05-01T19:45:38","guid":{"rendered":"https:\/\/infovera.com.ar\/web\/?p=19995"},"modified":"2021-05-02T20:04:29","modified_gmt":"2021-05-02T23:04:29","slug":"blanco-el-discurso-del-gobernador-fue-decepcionante","status":"publish","type":"post","link":"https:\/\/infovera.com.ar\/web\/2021\/05\/01\/blanco-el-discurso-del-gobernador-fue-decepcionante\/","title":{"rendered":"Blanco: \u201cEl discurso del Gobernador fue decepcionante\u201d"},"content":{"rendered":"<p><strong>El presidente del bloque socialista de la C\u00e1mara de Diputados y Diputadas se refiri\u00f3 al discurso del Gobernador en la 139\u00ba Apertura de Sesiones Ordinarias de la Legislatura. \u201cLas palabras de Omar Perotti fueron decepcionantes. La actual administraci\u00f3n ser\u00e1 recordada por la respuesta que tenga a la pandemia y en ese sentido faltaron definiciones\u201d, dijo Joaqu\u00edn Blanco.<\/strong><\/p>\n<p>\u201cEs imperioso que Santa Fe y el Gobernador se ordenen. No explic\u00f3 c\u00f3mo piensa sostener la presencialidad cuidada en las aulas, no explic\u00f3 de qu\u00e9 manera se va a seguir fortaleciendo y ampliando el Sistema de Salud durante la emergencia ni de qu\u00e9 manera se seguir\u00e1 asistiendo econ\u00f3micamente a los sectores productivos y comerciales que ven su actividad perjudicada\u201d, expres\u00f3 el legislador. \u201cPerotti parece desconectado de la realidad y angustia que atraviesa nuestra provincia\u201d, agreg\u00f3.<\/p>\n<p>\u201cNos preocupa la ausencia de una mirada estrat\u00e9gica a largo plazo. El Gobernador se jact\u00f3 de tener miles de millones de pesos sin utilizar para utilizar en momentos de mayor necesidad. \u00bfQu\u00e9 momento de mayor necesidad hay sino \u00e9ste?\u201d, critic\u00f3 Blanco. \u201cHay miles de personas sin trabajo, cientos de santafesinos que necesitan asistencia alimentaria permanente. La crisis econ\u00f3mica pega muy duro en Argentina y necesitamos un Estado activo, fuerte y que expanda su capacidad para poner en marcha a todos los sectores\u201d, a\u00f1adi\u00f3.<\/p>\n<p>\u201cNo necesitamos ahorradores sino gente decidida, estadistas que pongan el Estado en marcha para recuperar r\u00e1pidamente la econom\u00eda\u201d, dijo el diputado.<\/p>\n<p><strong>FALTA DE RECLAMOS A NACI\u00d3N<\/strong><\/p>\n<p>Por otro lado, tambi\u00e9n hizo referencia a las demandas que tiene Santa Fe respecto a Naci\u00f3n. \u201cNo hubo menci\u00f3n a la deuda hist\u00f3rica de coparticipaci\u00f3n ni definici\u00f3n concreta con respecto a la Ley de Biocombustibles, clave para nuestra provincia. Y tambi\u00e9n nos hizo mucho ruido la falta de definiciones respecto a la hidrov\u00eda. Santa Fe no puede mirar de costado mientras se define en un despacho de Buenos Aires, qu\u00e9 se hace con el r\u00edo Paran\u00e1. Esta ausencia de Santa Fe en el debate nacional, nada tiene que ver con la rica historia de gobernadores que se plantaron al poder\u201d, critic\u00f3.<\/p>\n<p>\u201cEn la mejor tradici\u00f3n de Hermes, Antonio y Miguel, necesitamos que Santa Fe no est\u00e9 de rodillas ante la Casa Rosada. Necesitamos recuperar nuestro protagonismo\u201d, sentenci\u00f3.<\/p>\n<p><strong>SOBRE SEGURIDAD<\/strong><\/p>\n<p>\u201cLa inseguridad es un flagelo que se increment\u00f3 de forma notoria durante su gesti\u00f3n. Viene del fracaso de la gesti\u00f3n de Marcelo Sain y hoy faltaron definiciones concretas y estrat\u00e9gicas\u201d, dijo Blanco.<\/p>\n<p>\u201cNecesitamos que el Gobernador salga del diagn\u00f3stico y que pase a explicitar un plan concreto en materia de seguridad para todo el territorio santafesino\u201d, a\u00f1adi\u00f3 el legislador. \u201cDesde la bancada del bloque Socialista vamos a seguir defendiendo los intereses de Santa Fe y bregando por una agenda conectada con la realidad\u201d, finaliz\u00f3<\/p>\n","protected":false},"excerpt":{"rendered":"<p>El presidente del bloque socialista de la C\u00e1mara de Diputados y Diputadas se refiri\u00f3 al discurso del Gobernador en la 139\u00ba Apertura de Sesiones Ordinarias de la Legislatura. \u201cLas palabras de Omar Perotti fueron decepcionantes. La actual administraci\u00f3n ser\u00e1 recordada por la respuesta que tenga a la pandemia y en ese sentido faltaron definiciones\u201d, dijo [&hellip;]<\/p>\n","protected":false},"author":3,"featured_media":19997,"comment_status":"open","ping_status":"open","sticky":false,"template":"","format":"standard","meta":{"_joinchat":[],"footnotes":""},"categories":[1],"tags":[],"class_list":{"0":"post-19995","1":"post","2":"type-post","3":"status-publish","4":"format-standard","5":"has-post-thumbnail","7":"category-sin-categoria"},"_links":{"self":[{"href":"https:\/\/infovera.com.ar\/web\/wp-json\/wp\/v2\/posts\/19995","targetHints":{"allow":["GET"]}}],"collection":[{"href":"https:\/\/infovera.com.ar\/web\/wp-json\/wp\/v2\/posts"}],"about":[{"href":"https:\/\/infovera.com.ar\/web\/wp-json\/wp\/v2\/types\/post"}],"author":[{"embeddable":true,"href":"https:\/\/infovera.com.ar\/web\/wp-json\/wp\/v2\/users\/3"}],"replies":[{"embeddable":true,"href":"https:\/\/infovera.com.ar\/web\/wp-json\/wp\/v2\/comments?post=19995"}],"version-history":[{"count":0,"href":"https:\/\/infovera.com.ar\/web\/wp-json\/wp\/v2\/posts\/19995\/revisions"}],"wp:featuredmedia":[{"embeddable":true,"href":"https:\/\/infovera.com.ar\/web\/wp-json\/wp\/v2\/media\/19997"}],"wp:attachment":[{"href":"https:\/\/infovera.com.ar\/web\/wp-json\/wp\/v2\/media?parent=19995"}],"wp:term":[{"taxonomy":"category","embeddable":true,"href":"https:\/\/infovera.com.ar\/web\/wp-json\/wp\/v2\/categories?post=19995"},{"taxonomy":"post_tag","embeddable":true,"href":"https:\/\/infovera.com.ar\/web\/wp-json\/wp\/v2\/tags?post=19995"}],"curies":[{"name":"wp","href":"https:\/\/api.w.org\/{rel}","templated":true}]}}