{"id":19928,"date":"2021-04-30T12:47:10","date_gmt":"2021-04-30T15:47:10","guid":{"rendered":"https:\/\/infovera.com.ar\/web\/?p=19928"},"modified":"2021-05-01T11:58:37","modified_gmt":"2021-05-01T14:58:37","slug":"se-confirmaron-los-primeros-casos-de-covid-en-los-tabanos","status":"publish","type":"post","link":"https:\/\/infovera.com.ar\/web\/2021\/04\/30\/se-confirmaron-los-primeros-casos-de-covid-en-los-tabanos\/","title":{"rendered":"Se confirmaron los primeros casos de Covid en Los T\u00e1banos"},"content":{"rendered":"<p><strong>Anoche se reportaron 2 casos positivos.<\/strong><\/p>\n<p>Los dos pacientes se encuentran en buen estado general y con todos sus contactos estrechos aislados, y a se tomaron todas las medidas pertinentes, dijo a InfoVera la Dra. Elisabet Perlman, jefa departamental de lucha contra el Covid.<\/p>\n<p>La profesional adelant\u00f3 que &#8220;el lunes voy hacer una visita para charlar con los encargados comunales de salud&#8221;, y cont\u00f3 que &#8220;anoche, cuando se inform\u00f3 el positivo, ya di las medidas que hoy se tomaban ante los dos casos&#8221;.<\/p>\n<p>En tanto, la Comuna de Los T\u00e1banos, dio a conocer el siguiente comunicado:<\/p>\n<p>Habitantes de la comunidad, como es de p\u00fablico conocimiento, la aparici\u00f3n de los primeros casos de Covid en nuestra localidad hacen que se tengan que tomar medidas para evitar la propagaci\u00f3n de dicho virus.<\/p>\n<p>Las personas que estuvieron en contacto con los afectados deber\u00e1n permanecer aislados solo por tres d\u00edas en caso de no presentar s\u00edntomas, en caso de presentar s\u00edntomas compatibles con la enfermedad en cuesti\u00f3n se les realizar\u00e1n los hisopados correspondientes.<\/p>\n<p>En el per\u00edodo de aislamiento la Comuna se har\u00e1 cargo de asistir con todo lo necesario a las familias aisladas.<\/p>\n<p>Estas medidas se tomaron en conjunto con autoridades sanitarias, por favor colaboremos para prevenir un aumento en el n\u00famero de afectados.<\/p>\n","protected":false},"excerpt":{"rendered":"<p>Anoche se reportaron 2 casos positivos. Los dos pacientes se encuentran en buen estado general y con todos sus contactos estrechos aislados, y a se tomaron todas las medidas pertinentes, dijo a InfoVera la Dra. Elisabet Perlman, jefa departamental de lucha contra el Covid. La profesional adelant\u00f3 que &#8220;el lunes voy hacer una visita para [&hellip;]<\/p>\n","protected":false},"author":3,"featured_media":19937,"comment_status":"open","ping_status":"open","sticky":false,"template":"","format":"standard","meta":{"_joinchat":[],"footnotes":""},"categories":[51],"tags":[],"class_list":{"0":"post-19928","1":"post","2":"type-post","3":"status-publish","4":"format-standard","5":"has-post-thumbnail","7":"category-locales"},"_links":{"self":[{"href":"https:\/\/infovera.com.ar\/web\/wp-json\/wp\/v2\/posts\/19928","targetHints":{"allow":["GET"]}}],"collection":[{"href":"https:\/\/infovera.com.ar\/web\/wp-json\/wp\/v2\/posts"}],"about":[{"href":"https:\/\/infovera.com.ar\/web\/wp-json\/wp\/v2\/types\/post"}],"author":[{"embeddable":true,"href":"https:\/\/infovera.com.ar\/web\/wp-json\/wp\/v2\/users\/3"}],"replies":[{"embeddable":true,"href":"https:\/\/infovera.com.ar\/web\/wp-json\/wp\/v2\/comments?post=19928"}],"version-history":[{"count":0,"href":"https:\/\/infovera.com.ar\/web\/wp-json\/wp\/v2\/posts\/19928\/revisions"}],"wp:featuredmedia":[{"embeddable":true,"href":"https:\/\/infovera.com.ar\/web\/wp-json\/wp\/v2\/media\/19937"}],"wp:attachment":[{"href":"https:\/\/infovera.com.ar\/web\/wp-json\/wp\/v2\/media?parent=19928"}],"wp:term":[{"taxonomy":"category","embeddable":true,"href":"https:\/\/infovera.com.ar\/web\/wp-json\/wp\/v2\/categories?post=19928"},{"taxonomy":"post_tag","embeddable":true,"href":"https:\/\/infovera.com.ar\/web\/wp-json\/wp\/v2\/tags?post=19928"}],"curies":[{"name":"wp","href":"https:\/\/api.w.org\/{rel}","templated":true}]}}