{"id":19926,"date":"2021-04-30T12:30:38","date_gmt":"2021-04-30T15:30:38","guid":{"rendered":"https:\/\/infovera.com.ar\/web\/?p=19926"},"modified":"2021-05-01T11:22:53","modified_gmt":"2021-05-01T14:22:53","slug":"multas-cercanas-a-los-300-mil-pesos-para-quienes-organicen-fiestas-clandestinas","status":"publish","type":"post","link":"https:\/\/infovera.com.ar\/web\/2021\/04\/30\/multas-cercanas-a-los-300-mil-pesos-para-quienes-organicen-fiestas-clandestinas\/","title":{"rendered":"Multas cercanas a los 300 mil pesos para quienes organicen fiestas clandestinas"},"content":{"rendered":"<p><strong>Las sanciones econ\u00f3micas para quienes organicen una reuni\u00f3n no permitida llegar\u00edan a 268 mil pesos, de aprobarse los cambios en Diputados. Por no usar barbijo en lugares obligatorios, el costo llegar\u00eda a 53 mil pesos.<\/strong><\/p>\n<p>El Senado de la provincia de Santa Fe le dio media sanci\u00f3n este jueves a un proyecto para aumentar las multas a quienes incumplan las medidas dispuestas en el C\u00f3digo de Convivencia para evitar contagios de coronavirus.<\/p>\n<p>De aprobarse en la C\u00e1mara de Diputados, se elevar\u00eda a 10 Jus el monto por no acatar las disposiciones (hasta el momento se aplican, generalmente tres Jus). Cabe resaltar que cada Unidad Jus, seg\u00fan Acuerdo del 23 de febrero de 2021, es de $ 5.366.16.<\/p>\n<p>As\u00ed las cosas, por no usar elementos de protecci\u00f3n de nariz, boca y ment\u00f3n correctamente colocados, cuando los mismos resultaren obligatorios; incumplimiento del l\u00edmite horario y de d\u00edas habilitados para actividades, o del factor de ocupaci\u00f3n de los espacios habilitados por protocolo; y omisi\u00f3n por parte de los empleadores de la provisi\u00f3n a las personas a su servicio de equipos de protecci\u00f3n personal&#8221; se aplicar\u00e1n multas de $ 53.661.60.<\/p>\n<p>Mientras que para las fiestas clandestinas u otras reuniones no autorizadas ser\u00e1n entre 30 y 50 unidades Jus, es decir, $ 160.984,80 y hasta $ 268.308,00.<\/p>\n<p>De esta manera, se crear\u00eda un &#8220;R\u00e9gimen Sancionatorio Especial&#8221;, complementario al establecido en el C\u00f3digo de Convivencia de la Provincia (Ley N\u00ba 10.703 y modificatorias), que el gobernador Omar Perotti hab\u00eda pedido a la C\u00e1mara alta el 8 de febrero.<\/p>\n<p><em>Con informaci\u00f3n de El Litoral<\/em><\/p>\n<p>&nbsp;<\/p>\n","protected":false},"excerpt":{"rendered":"<p>Las sanciones econ\u00f3micas para quienes organicen una reuni\u00f3n no permitida llegar\u00edan a 268 mil pesos, de aprobarse los cambios en Diputados. Por no usar barbijo en lugares obligatorios, el costo llegar\u00eda a 53 mil pesos. El Senado de la provincia de Santa Fe le dio media sanci\u00f3n este jueves a un proyecto para aumentar las [&hellip;]<\/p>\n","protected":false},"author":3,"featured_media":16421,"comment_status":"open","ping_status":"open","sticky":false,"template":"","format":"standard","meta":{"_joinchat":[],"footnotes":""},"categories":[60],"tags":[],"class_list":{"0":"post-19926","1":"post","2":"type-post","3":"status-publish","4":"format-standard","5":"has-post-thumbnail","7":"category-provinciales"},"_links":{"self":[{"href":"https:\/\/infovera.com.ar\/web\/wp-json\/wp\/v2\/posts\/19926","targetHints":{"allow":["GET"]}}],"collection":[{"href":"https:\/\/infovera.com.ar\/web\/wp-json\/wp\/v2\/posts"}],"about":[{"href":"https:\/\/infovera.com.ar\/web\/wp-json\/wp\/v2\/types\/post"}],"author":[{"embeddable":true,"href":"https:\/\/infovera.com.ar\/web\/wp-json\/wp\/v2\/users\/3"}],"replies":[{"embeddable":true,"href":"https:\/\/infovera.com.ar\/web\/wp-json\/wp\/v2\/comments?post=19926"}],"version-history":[{"count":0,"href":"https:\/\/infovera.com.ar\/web\/wp-json\/wp\/v2\/posts\/19926\/revisions"}],"wp:featuredmedia":[{"embeddable":true,"href":"https:\/\/infovera.com.ar\/web\/wp-json\/wp\/v2\/media\/16421"}],"wp:attachment":[{"href":"https:\/\/infovera.com.ar\/web\/wp-json\/wp\/v2\/media?parent=19926"}],"wp:term":[{"taxonomy":"category","embeddable":true,"href":"https:\/\/infovera.com.ar\/web\/wp-json\/wp\/v2\/categories?post=19926"},{"taxonomy":"post_tag","embeddable":true,"href":"https:\/\/infovera.com.ar\/web\/wp-json\/wp\/v2\/tags?post=19926"}],"curies":[{"name":"wp","href":"https:\/\/api.w.org\/{rel}","templated":true}]}}