{"id":19919,"date":"2021-04-30T12:22:44","date_gmt":"2021-04-30T15:22:44","guid":{"rendered":"https:\/\/infovera.com.ar\/web\/?p=19919"},"modified":"2021-05-01T11:23:43","modified_gmt":"2021-05-01T14:23:43","slug":"alberto-fernandez-extendio-las-medidas-restrictivas-hasta-el-21-de-mayo-video","status":"publish","type":"post","link":"https:\/\/infovera.com.ar\/web\/2021\/04\/30\/alberto-fernandez-extendio-las-medidas-restrictivas-hasta-el-21-de-mayo-video\/","title":{"rendered":"Alberto Fern\u00e1ndez extendi\u00f3 las medidas restrictivas hasta el 21 de mayo (video)"},"content":{"rendered":"<p><strong>En todo el pa\u00eds continuar\u00e1n las medidas restrictivas hasta el 21 de mayo. En las zonas de mayor riesgo se dictar\u00e1n clases &#8220;exclusivamente a distancia&#8221;.<\/strong><\/p>\n<p>El presidente Alberto Fern\u00e1ndez anunci\u00f3 este viernes\u00a0que &#8220;deben continuar las medidas&#8221; restrictivas hasta el 21 de mayo para &#8220;garantizar que a nadie le falte la cama para ser atendido&#8221;, ya que advirti\u00f3 que el n\u00famero de contagios diarios &#8220;es realmente elevado&#8221; y si se mantiene, &#8220;las pr\u00f3ximas semanas puedan ser muy duras en la ocupaci\u00f3n de camas de terapia&#8221;.<\/p>\n<p>&#8220;Las medidas est\u00e1n mostrando buenos resultados, pero la situaci\u00f3n no se encuentra resuelta: la cantidad de casos es realmente elevada. La situaci\u00f3n epidemiol\u00f3gica en el AMBA es cr\u00edtica y tenemos otras zonas con alto tensi\u00f3n sanitaria&#8221;, sostuvo el mandatario.<\/p>\n<p>A trav\u00e9s de un mensaje grabado en la Quinta de Olivos, el jefe de Estado agreg\u00f3: &#8220;Necesitamos una reducci\u00f3n de casos m\u00e1s marcada y sostenida. Las pr\u00f3ximas semanas pueden llegar a ser muy duras en la ocupaci\u00f3n de camas de terapia&#8221;.<\/p>\n<p>&#8220;Debemos continuar con las medidas para garantizar que todos puedan acceder a la atenci\u00f3n sanitaria, para que a nadie le falte la cama para ser atendidos&#8221;, a\u00f1adi\u00f3.<\/p>\n<p><iframe loading=\"lazy\" title=\"Coronavirus COVID-19 | Anuncio del presidente Alberto Fern\u00e1ndez\" width=\"696\" height=\"392\" src=\"https:\/\/www.youtube.com\/embed\/1SGPOU3Tr9o?feature=oembed\" frameborder=\"0\" allow=\"accelerometer; autoplay; clipboard-write; encrypted-media; gyroscope; picture-in-picture; web-share\" referrerpolicy=\"strict-origin-when-cross-origin\" allowfullscreen><\/iframe><\/p>\n<p>&#8220;Debemos hacer un nuevo esfuerzo para bajar la circulaci\u00f3n y disminuir los contagios y descomprimir as\u00ed lo m\u00e1s que se pueda el sistema de salud&#8221;, destac\u00f3.<\/p>\n<p>Y anunci\u00f3: &#8220;Para el conjunto del pa\u00eds se mantendr\u00e1n hasta el 21 de mayo las mismas medidas que est\u00e1n actualmente vigentes. En aquellas zonas de mediano riesgo es facultad de los gobiernos locales adoptar en forma temprana medidas adicionales para disminuir la circulaci\u00f3n&#8221;.<\/p>\n<p>&#8220;En las zonas de alto riesgo epidemiol\u00f3gico, se establece suspender actividades sociales en domicilios particulares, reuniones sociales en espacios p\u00fablicos al aire libre de m\u00e1s de 10 personas, prohibir la apertura de casinos y discotecas, los bares y restaurantes funcionar\u00e1n hasta las 23:00 y no se podr\u00e1 circular entre las 00:00 y las 6:00 de cada d\u00eda&#8221;, a\u00f1adi\u00f3.<\/p>\n<p>Para los lugares que est\u00e9n &#8220;en alarma epidemiol\u00f3gica y sanitaria&#8221;, como el AMBA, &#8220;el dictado de clases se realizar\u00e1 exclusivamente a distancia&#8221;.<\/p>\n<p>&#8220;Sabemos las dificultades que esto plantea a los ni\u00f1os y las familias, pero se trata de una medida necesaria para disminuir la circulaci\u00f3n. Todo este esfuerzo lo estamos haciendo para retomar la presencialidad cuando los indicadores epidemiol\u00f3gicos y sanitarios as\u00ed lo permitan&#8221;, dijo.<\/p>\n<p>En ese sentido, Alberto Fern\u00e1ndez afirm\u00f3 que las medidas se adoptan en base a &#8220;criterios epidemiol\u00f3gicos&#8221; tras la reuni\u00f3n con expertos.<\/p>\n<p>Al referirse al impacto econ\u00f3mico de las restricciones, el Presidente ratific\u00f3 la continuidad del REPRO y puso de relieve el incremento del Salario M\u00ednimo, Vital y M\u00f3vil, as\u00ed como otras medidas, como la ampliaci\u00f3n de la Asignaci\u00f3n Universal por Hijo (AUH), el bono para jubilados y la asistencia a sectores como gastron\u00f3micos y turismo: &#8220;Todas estas medidas implicar\u00e1n una inversi\u00f3n del Gobierno nacional de m\u00e1s de 300 mil millones de pesos&#8221;.<\/p>\n<p>&nbsp;<\/p>\n","protected":false},"excerpt":{"rendered":"<p>En todo el pa\u00eds continuar\u00e1n las medidas restrictivas hasta el 21 de mayo. En las zonas de mayor riesgo se dictar\u00e1n clases &#8220;exclusivamente a distancia&#8221;. El presidente Alberto Fern\u00e1ndez anunci\u00f3 este viernes\u00a0que &#8220;deben continuar las medidas&#8221; restrictivas hasta el 21 de mayo para &#8220;garantizar que a nadie le falte la cama para ser atendido&#8221;, ya [&hellip;]<\/p>\n","protected":false},"author":3,"featured_media":19920,"comment_status":"open","ping_status":"open","sticky":false,"template":"","format":"standard","meta":{"_joinchat":[],"footnotes":""},"categories":[62],"tags":[],"class_list":{"0":"post-19919","1":"post","2":"type-post","3":"status-publish","4":"format-standard","5":"has-post-thumbnail","7":"category-nacionales"},"_links":{"self":[{"href":"https:\/\/infovera.com.ar\/web\/wp-json\/wp\/v2\/posts\/19919","targetHints":{"allow":["GET"]}}],"collection":[{"href":"https:\/\/infovera.com.ar\/web\/wp-json\/wp\/v2\/posts"}],"about":[{"href":"https:\/\/infovera.com.ar\/web\/wp-json\/wp\/v2\/types\/post"}],"author":[{"embeddable":true,"href":"https:\/\/infovera.com.ar\/web\/wp-json\/wp\/v2\/users\/3"}],"replies":[{"embeddable":true,"href":"https:\/\/infovera.com.ar\/web\/wp-json\/wp\/v2\/comments?post=19919"}],"version-history":[{"count":0,"href":"https:\/\/infovera.com.ar\/web\/wp-json\/wp\/v2\/posts\/19919\/revisions"}],"wp:featuredmedia":[{"embeddable":true,"href":"https:\/\/infovera.com.ar\/web\/wp-json\/wp\/v2\/media\/19920"}],"wp:attachment":[{"href":"https:\/\/infovera.com.ar\/web\/wp-json\/wp\/v2\/media?parent=19919"}],"wp:term":[{"taxonomy":"category","embeddable":true,"href":"https:\/\/infovera.com.ar\/web\/wp-json\/wp\/v2\/categories?post=19919"},{"taxonomy":"post_tag","embeddable":true,"href":"https:\/\/infovera.com.ar\/web\/wp-json\/wp\/v2\/tags?post=19919"}],"curies":[{"name":"wp","href":"https:\/\/api.w.org\/{rel}","templated":true}]}}