{"id":19901,"date":"2021-04-29T20:58:03","date_gmt":"2021-04-29T23:58:03","guid":{"rendered":"https:\/\/infovera.com.ar\/web\/?p=19901"},"modified":"2021-04-30T14:09:02","modified_gmt":"2021-04-30T17:09:02","slug":"dictaron-prision-preventiva-sin-plazos-para-stefanucci-imputado-por-abusar-de-sus-hijastras","status":"publish","type":"post","link":"https:\/\/infovera.com.ar\/web\/2021\/04\/29\/dictaron-prision-preventiva-sin-plazos-para-stefanucci-imputado-por-abusar-de-sus-hijastras\/","title":{"rendered":"Dictaron prisi\u00f3n preventiva sin plazos para Stefanucci, imputado por abusar de sus hijastras"},"content":{"rendered":"<p><strong>Pasadas las 20:30 culmin\u00f3 la audiencia de medida cautelar que estuvo presidida por el juez penal Mart\u00edn Gauna Chapero.<\/strong><\/p>\n<p>El magistrado resolvi\u00f3 dictar la prisi\u00f3n preventiva sin plazos a Silvio Omar Stefanucci, imputado por abusos sexuales gravemente ultrajantes en perjuicio de sus dos hijastras.<\/p>\n<p>La resoluci\u00f3n del juez lleg\u00f3 a instancias del fiscal Leandro Benegas, que pudo acreditar los peligros procesales que implicar\u00eda dejar en libertad al detenido, tales como la posibilidad de que pudiera entorpecer el proceso probatorio, influir en v\u00edctimas y testigos o fugarse, esto \u00faltimo dada la alta expectativa de pena por los delitos que se le endilgan.<\/p>\n<p><strong>Calificaci\u00f3n penal<\/strong><\/p>\n<p>&#8220;Cudy&#8221; Stefanucci fue imputado el martes pasado por los delitos de <strong>abuso sexual con acceso carnal doblemente agravado<\/strong>\u00a0(por haber ocasionado un grave da\u00f1o en la salud mental de la v\u00edctima y por haber sido cometido contra una menor de 18 a\u00f1os, aprovechado la situaci\u00f3n de convivencia preexistente);<strong>\u00a0abuso sexual gravemente ultrajante<\/strong>\u00a0(por su duraci\u00f3n y por las circunstancias de realizaci\u00f3n) y<strong>\u00a0abuso sexual simple agravado (<\/strong>por ser cometido contra una menor de 18 a\u00f1os, aprovechando la situaci\u00f3n de convivencia.<\/p>\n<p>Por su parte, por los ataques sexuales a la otra v\u00edctima, se le endilg\u00f3 la autor\u00eda de\u00a0<strong>abuso sexual gravemente ultrajante<\/strong>\u00a0(por su duraci\u00f3n y por las circunstancias de su realizaci\u00f3n) y<strong>\u00a0abuso sexual simple agravado<\/strong>\u00a0(por ser cometido contra una menor de 18 a\u00f1os, aprovechando la situaci\u00f3n de convivencia.<\/p>\n","protected":false},"excerpt":{"rendered":"<p>Pasadas las 20:30 culmin\u00f3 la audiencia de medida cautelar que estuvo presidida por el juez penal Mart\u00edn Gauna Chapero. El magistrado resolvi\u00f3 dictar la prisi\u00f3n preventiva sin plazos a Silvio Omar Stefanucci, imputado por abusos sexuales gravemente ultrajantes en perjuicio de sus dos hijastras. La resoluci\u00f3n del juez lleg\u00f3 a instancias del fiscal Leandro Benegas, [&hellip;]<\/p>\n","protected":false},"author":3,"featured_media":19903,"comment_status":"open","ping_status":"open","sticky":false,"template":"","format":"standard","meta":{"_joinchat":[],"footnotes":""},"categories":[53],"tags":[],"class_list":{"0":"post-19901","1":"post","2":"type-post","3":"status-publish","4":"format-standard","5":"has-post-thumbnail","7":"category-vera"},"_links":{"self":[{"href":"https:\/\/infovera.com.ar\/web\/wp-json\/wp\/v2\/posts\/19901","targetHints":{"allow":["GET"]}}],"collection":[{"href":"https:\/\/infovera.com.ar\/web\/wp-json\/wp\/v2\/posts"}],"about":[{"href":"https:\/\/infovera.com.ar\/web\/wp-json\/wp\/v2\/types\/post"}],"author":[{"embeddable":true,"href":"https:\/\/infovera.com.ar\/web\/wp-json\/wp\/v2\/users\/3"}],"replies":[{"embeddable":true,"href":"https:\/\/infovera.com.ar\/web\/wp-json\/wp\/v2\/comments?post=19901"}],"version-history":[{"count":0,"href":"https:\/\/infovera.com.ar\/web\/wp-json\/wp\/v2\/posts\/19901\/revisions"}],"wp:featuredmedia":[{"embeddable":true,"href":"https:\/\/infovera.com.ar\/web\/wp-json\/wp\/v2\/media\/19903"}],"wp:attachment":[{"href":"https:\/\/infovera.com.ar\/web\/wp-json\/wp\/v2\/media?parent=19901"}],"wp:term":[{"taxonomy":"category","embeddable":true,"href":"https:\/\/infovera.com.ar\/web\/wp-json\/wp\/v2\/categories?post=19901"},{"taxonomy":"post_tag","embeddable":true,"href":"https:\/\/infovera.com.ar\/web\/wp-json\/wp\/v2\/tags?post=19901"}],"curies":[{"name":"wp","href":"https:\/\/api.w.org\/{rel}","templated":true}]}}