{"id":19874,"date":"2021-04-29T13:13:43","date_gmt":"2021-04-29T16:13:43","guid":{"rendered":"https:\/\/infovera.com.ar\/web\/?p=19874"},"modified":"2021-04-29T21:45:59","modified_gmt":"2021-04-30T00:45:59","slug":"amra-advierte-que-ante-el-inminente-desborde-sanitario-se-necesitan-mas-restricciones","status":"publish","type":"post","link":"https:\/\/infovera.com.ar\/web\/2021\/04\/29\/amra-advierte-que-ante-el-inminente-desborde-sanitario-se-necesitan-mas-restricciones\/","title":{"rendered":"AMRA advierte que ante el inminente desborde sanitario se necesitan m\u00e1s restricciones"},"content":{"rendered":"<p><strong>El Sindicato de M\u00e9dicos de la Rep\u00fablica Argentina (AMRA) Seccional Santa Fe expresa ante el gobernador de la provincia, Omar Perotti, y a la Ministra de Salud, Dra. Sonia Martorano, su &#8220;honda preocupaci\u00f3n ante el inminente colapso del sistema sanitario&#8221;.<\/strong><\/p>\n<p>El gremio sostuvo que &#8220;la triste realidad nos muestra trabajadores desgastados y sin el descanso correspondiente, una demorada contrataci\u00f3n de colegas especializados para los nuevos espacios para la atenci\u00f3n de pacientes, entre otras situaciones que agravan a\u00fan m\u00e1s el complejo panorama que venimos padeciendo desde hace m\u00e1s de un a\u00f1o.<\/p>\n<p>Todo ello hace que, ante el vencimiento de las \u00faltimas medidas de restricci\u00f3n, solicitemos nuevas medidas m\u00e1s severas, no s\u00f3lo para proteger y resguardar la vida y salud de nuestros compa\u00f1eros y compa\u00f1eras, sino tambi\u00e9n para garantizar la atenci\u00f3n asistencial de la poblaci\u00f3n&#8221;.<\/p>\n","protected":false},"excerpt":{"rendered":"<p>El Sindicato de M\u00e9dicos de la Rep\u00fablica Argentina (AMRA) Seccional Santa Fe expresa ante el gobernador de la provincia, Omar Perotti, y a la Ministra de Salud, Dra. Sonia Martorano, su &#8220;honda preocupaci\u00f3n ante el inminente colapso del sistema sanitario&#8221;. El gremio sostuvo que &#8220;la triste realidad nos muestra trabajadores desgastados y sin el descanso [&hellip;]<\/p>\n","protected":false},"author":3,"featured_media":19875,"comment_status":"open","ping_status":"open","sticky":false,"template":"","format":"standard","meta":{"_joinchat":[],"footnotes":""},"categories":[27],"tags":[],"class_list":{"0":"post-19874","1":"post","2":"type-post","3":"status-publish","4":"format-standard","5":"has-post-thumbnail","7":"category-gremiales"},"_links":{"self":[{"href":"https:\/\/infovera.com.ar\/web\/wp-json\/wp\/v2\/posts\/19874","targetHints":{"allow":["GET"]}}],"collection":[{"href":"https:\/\/infovera.com.ar\/web\/wp-json\/wp\/v2\/posts"}],"about":[{"href":"https:\/\/infovera.com.ar\/web\/wp-json\/wp\/v2\/types\/post"}],"author":[{"embeddable":true,"href":"https:\/\/infovera.com.ar\/web\/wp-json\/wp\/v2\/users\/3"}],"replies":[{"embeddable":true,"href":"https:\/\/infovera.com.ar\/web\/wp-json\/wp\/v2\/comments?post=19874"}],"version-history":[{"count":0,"href":"https:\/\/infovera.com.ar\/web\/wp-json\/wp\/v2\/posts\/19874\/revisions"}],"wp:featuredmedia":[{"embeddable":true,"href":"https:\/\/infovera.com.ar\/web\/wp-json\/wp\/v2\/media\/19875"}],"wp:attachment":[{"href":"https:\/\/infovera.com.ar\/web\/wp-json\/wp\/v2\/media?parent=19874"}],"wp:term":[{"taxonomy":"category","embeddable":true,"href":"https:\/\/infovera.com.ar\/web\/wp-json\/wp\/v2\/categories?post=19874"},{"taxonomy":"post_tag","embeddable":true,"href":"https:\/\/infovera.com.ar\/web\/wp-json\/wp\/v2\/tags?post=19874"}],"curies":[{"name":"wp","href":"https:\/\/api.w.org\/{rel}","templated":true}]}}