{"id":19816,"date":"2021-04-28T11:12:39","date_gmt":"2021-04-28T14:12:39","guid":{"rendered":"https:\/\/infovera.com.ar\/web\/?p=19816"},"modified":"2021-04-29T14:13:28","modified_gmt":"2021-04-29T17:13:28","slug":"el-concejo-aprobo-iluminacion-desagues-y-paso-a-comision-la-actualizacion-de-tarifas-del-agua-potable","status":"publish","type":"post","link":"https:\/\/infovera.com.ar\/web\/2021\/04\/28\/el-concejo-aprobo-iluminacion-desagues-y-paso-a-comision-la-actualizacion-de-tarifas-del-agua-potable\/","title":{"rendered":"El Concejo aprob\u00f3 iluminaci\u00f3n y desag\u00fces y pas\u00f3 a comisi\u00f3n la actualizaci\u00f3n de tarifas del agua potable"},"content":{"rendered":"<p><strong>En la sesi\u00f3n de anoche se trataron varios temas. El Legislativo dio tratamiento y resoluci\u00f3n a proyectos presentados por el Bloque Sumemos Esfuerzos. Y resolvi\u00f3 seguir analizando el incremento del servicio de agua potable y cloacas.<\/strong><\/p>\n<p>La Minuta de Comunicaci\u00f3n solicitando al Ejecutivo Municipal que cumpla con lo estipulado por la Ley N\u00b02756 enviando al Concejo en el mes de abril las cuentas del ejercicio vencido con los comprobantes correspondientes pas\u00f3 a cuarto intermedio para la pr\u00f3xima sesi\u00f3n.<\/p>\n<p>El Proyecto de Comunicaci\u00f3n solicitando al Ejecutivo Municipal realizar las gestiones pertinentes ante Vialidad Nacional y Provincial para iluminar la rotonda de ingreso oeste de la ciudad por Ruta 98 fue aprobado por unanimidad y se resolvi\u00f3 elevar al Ejecutivo Municipal y al senador para las gestiones.<\/p>\n<p>En cuanto al Proyecto de Comunicaci\u00f3n solicitando al Ejecutivo Municipal la realizaci\u00f3n de desag\u00fces por calle Sarmiento, desde calle Mariano Leiva hacia el sur, para evitar el anegamiento, corte y posterior deterioro de la calzada natural, recibi\u00f3 aprobaci\u00f3n por unanimidad y fue elevado al Ejecutivo para su realizaci\u00f3n.<\/p>\n<p><strong>Otro proyecto<\/strong><\/p>\n<p>Por su parte, el Proyecto del Ejecutivo Municipal solicitando se apruebe la actualizaci\u00f3n tarifaria del servicio de agua potable y desag\u00fces cloacales de la Ciudad de Vera, brindado por la Cosvel pas\u00f3 a comisi\u00f3n para su tratamiento.<\/p>\n","protected":false},"excerpt":{"rendered":"<p>En la sesi\u00f3n de anoche se trataron varios temas. El Legislativo dio tratamiento y resoluci\u00f3n a proyectos presentados por el Bloque Sumemos Esfuerzos. Y resolvi\u00f3 seguir analizando el incremento del servicio de agua potable y cloacas. La Minuta de Comunicaci\u00f3n solicitando al Ejecutivo Municipal que cumpla con lo estipulado por la Ley N\u00b02756 enviando al [&hellip;]<\/p>\n","protected":false},"author":3,"featured_media":19819,"comment_status":"open","ping_status":"open","sticky":false,"template":"","format":"standard","meta":{"_joinchat":[],"footnotes":""},"categories":[53],"tags":[],"class_list":{"0":"post-19816","1":"post","2":"type-post","3":"status-publish","4":"format-standard","5":"has-post-thumbnail","7":"category-vera"},"_links":{"self":[{"href":"https:\/\/infovera.com.ar\/web\/wp-json\/wp\/v2\/posts\/19816","targetHints":{"allow":["GET"]}}],"collection":[{"href":"https:\/\/infovera.com.ar\/web\/wp-json\/wp\/v2\/posts"}],"about":[{"href":"https:\/\/infovera.com.ar\/web\/wp-json\/wp\/v2\/types\/post"}],"author":[{"embeddable":true,"href":"https:\/\/infovera.com.ar\/web\/wp-json\/wp\/v2\/users\/3"}],"replies":[{"embeddable":true,"href":"https:\/\/infovera.com.ar\/web\/wp-json\/wp\/v2\/comments?post=19816"}],"version-history":[{"count":0,"href":"https:\/\/infovera.com.ar\/web\/wp-json\/wp\/v2\/posts\/19816\/revisions"}],"wp:featuredmedia":[{"embeddable":true,"href":"https:\/\/infovera.com.ar\/web\/wp-json\/wp\/v2\/media\/19819"}],"wp:attachment":[{"href":"https:\/\/infovera.com.ar\/web\/wp-json\/wp\/v2\/media?parent=19816"}],"wp:term":[{"taxonomy":"category","embeddable":true,"href":"https:\/\/infovera.com.ar\/web\/wp-json\/wp\/v2\/categories?post=19816"},{"taxonomy":"post_tag","embeddable":true,"href":"https:\/\/infovera.com.ar\/web\/wp-json\/wp\/v2\/tags?post=19816"}],"curies":[{"name":"wp","href":"https:\/\/api.w.org\/{rel}","templated":true}]}}