{"id":19751,"date":"2021-04-26T15:14:15","date_gmt":"2021-04-26T18:14:15","guid":{"rendered":"https:\/\/infovera.com.ar\/web\/?p=19751"},"modified":"2021-04-27T12:57:43","modified_gmt":"2021-04-27T15:57:43","slug":"dra-perlman-el-virus-en-vera-ya-muto-pero-sabemos-como-tratarlo","status":"publish","type":"post","link":"https:\/\/infovera.com.ar\/web\/2021\/04\/26\/dra-perlman-el-virus-en-vera-ya-muto-pero-sabemos-como-tratarlo\/","title":{"rendered":"Dra. Elisabet Perlman: &#8220;El virus en Vera ya mut\u00f3, pero sabemos c\u00f3mo tratarlo&#8221;"},"content":{"rendered":"<p><strong>La profesional a cargo de la lucha contra el Covid en todo el departamento Vera se refiri\u00f3 a la probable circulaci\u00f3n de una nueva cepa del virus en esta ciudad.<\/strong><\/p>\n<p>La Dra. Elisabet Perlman fue clara al analizar que por los datos recabados de pacientes recientes se puede afirmar que &#8220;el virus ya mut\u00f3 en Vera&#8221;, pero dijo que la buena noticia es que &#8220;sabemos c\u00f3mo tratarlo&#8221;.<\/p>\n<p>La m\u00e9dica revel\u00f3 que el equipo de salud que comanda se dio cuenta que se trataba de una cepa mutante porque los contagiados no respond\u00edan a la medicaci\u00f3n habitual como es el corticoide dexametasona.<\/p>\n<p>En cambio, s\u00ed respond\u00edan al ox\u00edgeno y al denominado PAF (platelet-activating factor, por sus siglas en ingl\u00e9s) un remedio para el asma activador de plaquetas. \u00c9se fue el indicio de que el virus hab\u00eda mutado, remarc\u00f3.<\/p>\n<p>Respecto de los ex\u00e1menes realizados para confirmar si se trata de la cepa Manaos, dijo que los resultados demoran 15 d\u00edas. Y explic\u00f3 que los an\u00e1lisis de dengue, lectospirosis y hantavirus dieron negativo, por lo que se colige que con seguridad es Covid. Ello, en referencia a la muestra del paciente de Garabato que falleci\u00f3 por causa del Covid y del cual se sospecha que podr\u00eda ser el primer caso de la variante brasile\u00f1a en la zona norte de la provincia.<\/p>\n<p>La Dra. Perlman cont\u00f3 que fue llamativo lo que ocurri\u00f3 con ese caso, puesto que el paciente ya estaba cursando el d\u00eda 14 desde el contagio, sin problemas de respiraci\u00f3n y sin malestares f\u00edsicos, pero su cuadro se agrav\u00f3 de repente, ingres\u00f3 a la UTI de Reconquista y no pudo salir adelante.<\/p>\n<p>Sobre ese tema, inform\u00f3 que hoy recibi\u00f3 el alta la esposa (viuda), de 58 a\u00f1os, que estaba internada en Vera. &#8220;Se fue a Garabato a seguir cumpliendo con el aislamiento con buena evoluci\u00f3n&#8221;, destac\u00f3.<\/p>\n<p>Por otra parte, indic\u00f3 que hoy fue derivado a la Unidad de Terapia Intensiva del Nuevo Hospital de Reconquista un paciente con Covid de 59 a\u00f1os de Vera, se presume tambi\u00e9n contagiado con la cepa Manaos.<\/p>\n<p>Acerca del nuevo escenario que plantea el coronavirus en la ciudad y en el departamento, aconsej\u00f3 a la poblaci\u00f3n cumplir con los protocolos vigentes, usar barbijos, mantener la distancia, lavarse las manos con jab\u00f3n y usar alcohol gel.<\/p>\n<p>Para finalizar, rese\u00f1\u00f3 que en Vera hay 145 personas aisladas por la pandemia y que este lunes se registraron dos casos positivos nuevos.<\/p>\n<p>&nbsp;<\/p>\n","protected":false},"excerpt":{"rendered":"<p>La profesional a cargo de la lucha contra el Covid en todo el departamento Vera se refiri\u00f3 a la probable circulaci\u00f3n de una nueva cepa del virus en esta ciudad. La Dra. Elisabet Perlman fue clara al analizar que por los datos recabados de pacientes recientes se puede afirmar que &#8220;el virus ya mut\u00f3 en [&hellip;]<\/p>\n","protected":false},"author":3,"featured_media":19752,"comment_status":"open","ping_status":"open","sticky":false,"template":"","format":"standard","meta":{"_joinchat":[],"footnotes":""},"categories":[53],"tags":[],"class_list":{"0":"post-19751","1":"post","2":"type-post","3":"status-publish","4":"format-standard","5":"has-post-thumbnail","7":"category-vera"},"_links":{"self":[{"href":"https:\/\/infovera.com.ar\/web\/wp-json\/wp\/v2\/posts\/19751","targetHints":{"allow":["GET"]}}],"collection":[{"href":"https:\/\/infovera.com.ar\/web\/wp-json\/wp\/v2\/posts"}],"about":[{"href":"https:\/\/infovera.com.ar\/web\/wp-json\/wp\/v2\/types\/post"}],"author":[{"embeddable":true,"href":"https:\/\/infovera.com.ar\/web\/wp-json\/wp\/v2\/users\/3"}],"replies":[{"embeddable":true,"href":"https:\/\/infovera.com.ar\/web\/wp-json\/wp\/v2\/comments?post=19751"}],"version-history":[{"count":0,"href":"https:\/\/infovera.com.ar\/web\/wp-json\/wp\/v2\/posts\/19751\/revisions"}],"wp:featuredmedia":[{"embeddable":true,"href":"https:\/\/infovera.com.ar\/web\/wp-json\/wp\/v2\/media\/19752"}],"wp:attachment":[{"href":"https:\/\/infovera.com.ar\/web\/wp-json\/wp\/v2\/media?parent=19751"}],"wp:term":[{"taxonomy":"category","embeddable":true,"href":"https:\/\/infovera.com.ar\/web\/wp-json\/wp\/v2\/categories?post=19751"},{"taxonomy":"post_tag","embeddable":true,"href":"https:\/\/infovera.com.ar\/web\/wp-json\/wp\/v2\/tags?post=19751"}],"curies":[{"name":"wp","href":"https:\/\/api.w.org\/{rel}","templated":true}]}}