{"id":19748,"date":"2021-04-26T12:00:16","date_gmt":"2021-04-26T15:00:16","guid":{"rendered":"https:\/\/infovera.com.ar\/web\/?p=19748"},"modified":"2021-04-26T21:29:35","modified_gmt":"2021-04-27T00:29:35","slug":"pedido-al-ejecutivo-verense-para-que-cumpla-en-enviar-el-detalle-del-presupuesto-ejecutado-en-2020","status":"publish","type":"post","link":"https:\/\/infovera.com.ar\/web\/2021\/04\/26\/pedido-al-ejecutivo-verense-para-que-cumpla-en-enviar-el-detalle-del-presupuesto-ejecutado-en-2020\/","title":{"rendered":"Pedido al Ejecutivo verense para que cumpla en enviar el detalle del presupuesto ejecutado en 2020"},"content":{"rendered":"<p><strong>En la ma\u00f1ana de hoy, el Bloque Sumemos Esfuerzos ingres\u00f3 por secretar\u00eda del Concejo tres nuevas presentaciones para que puedan ser tratadas en la sesi\u00f3n de esta semana.<\/strong><\/p>\n<p><strong><span style=\"color: #ff0000;\">\u25a0EJECUCI\u00d3N PRESUPUESTARIA 2020.<\/span><\/strong><\/p>\n<p>Minuta de Comunicaci\u00f3n solicitando al Ejecutivo Municipal cumpla con lo estipulado por la Ley N\u00b02756 enviando al Concejo en el mes de abril las cuentas del ejercicio vencido con los comprobantes correspondientes.<\/p>\n<p>&#8220;Lo que pedimos es que presente la Ejecucion Presupuestaria de todo lo que se gast\u00f3 en el 2020. El Ejecutivo tiene que presentarlo en abril del a\u00f1o siguiente, seg\u00fan la ley 2756, con todos los comprobantes de gastos&#8221;, explic\u00f3 el concejal Javier Barbona a<strong> InfoVera<\/strong>.<\/p>\n<p><strong><span style=\"color: #ff0000;\">\u25a0ILUMINACION ROTONDA RUTA 98.<\/span><\/strong><\/p>\n<p>Proyecto de Comunicaci\u00f3n solicitando al Ejecutivo Municipal realizar las gestiones pertinentes ante Vialidad Provincial para iluminar la rotonda de ingreso Oeste de la ciudad por Ruta 98.<\/p>\n<p><strong><span style=\"color: #ff0000;\">\u25a0CALLE SARMIENTO AL SUR. <\/span><\/strong><\/p>\n<p>Proyecto de Comunicaci\u00f3n solicitando al Ejecutivo Municipal la realizaci\u00f3n de desag\u00fces por Calle Sarmiento desde calle Mariano Leiva hacia el sur para evitar el anegamiento, corte y posterior deterioro de la calzada natural.<\/p>\n","protected":false},"excerpt":{"rendered":"<p>En la ma\u00f1ana de hoy, el Bloque Sumemos Esfuerzos ingres\u00f3 por secretar\u00eda del Concejo tres nuevas presentaciones para que puedan ser tratadas en la sesi\u00f3n de esta semana. \u25a0EJECUCI\u00d3N PRESUPUESTARIA 2020. Minuta de Comunicaci\u00f3n solicitando al Ejecutivo Municipal cumpla con lo estipulado por la Ley N\u00b02756 enviando al Concejo en el mes de abril las [&hellip;]<\/p>\n","protected":false},"author":3,"featured_media":19749,"comment_status":"open","ping_status":"open","sticky":false,"template":"","format":"standard","meta":{"_joinchat":[],"footnotes":""},"categories":[53],"tags":[],"class_list":{"0":"post-19748","1":"post","2":"type-post","3":"status-publish","4":"format-standard","5":"has-post-thumbnail","7":"category-vera"},"_links":{"self":[{"href":"https:\/\/infovera.com.ar\/web\/wp-json\/wp\/v2\/posts\/19748","targetHints":{"allow":["GET"]}}],"collection":[{"href":"https:\/\/infovera.com.ar\/web\/wp-json\/wp\/v2\/posts"}],"about":[{"href":"https:\/\/infovera.com.ar\/web\/wp-json\/wp\/v2\/types\/post"}],"author":[{"embeddable":true,"href":"https:\/\/infovera.com.ar\/web\/wp-json\/wp\/v2\/users\/3"}],"replies":[{"embeddable":true,"href":"https:\/\/infovera.com.ar\/web\/wp-json\/wp\/v2\/comments?post=19748"}],"version-history":[{"count":0,"href":"https:\/\/infovera.com.ar\/web\/wp-json\/wp\/v2\/posts\/19748\/revisions"}],"wp:featuredmedia":[{"embeddable":true,"href":"https:\/\/infovera.com.ar\/web\/wp-json\/wp\/v2\/media\/19749"}],"wp:attachment":[{"href":"https:\/\/infovera.com.ar\/web\/wp-json\/wp\/v2\/media?parent=19748"}],"wp:term":[{"taxonomy":"category","embeddable":true,"href":"https:\/\/infovera.com.ar\/web\/wp-json\/wp\/v2\/categories?post=19748"},{"taxonomy":"post_tag","embeddable":true,"href":"https:\/\/infovera.com.ar\/web\/wp-json\/wp\/v2\/tags?post=19748"}],"curies":[{"name":"wp","href":"https:\/\/api.w.org\/{rel}","templated":true}]}}