{"id":19708,"date":"2021-04-25T12:32:05","date_gmt":"2021-04-25T15:32:05","guid":{"rendered":"https:\/\/infovera.com.ar\/web\/?p=19708"},"modified":"2021-04-25T21:11:33","modified_gmt":"2021-04-26T00:11:33","slug":"procedimientos-de-los-pumas-en-vera-2","status":"publish","type":"post","link":"https:\/\/infovera.com.ar\/web\/2021\/04\/25\/procedimientos-de-los-pumas-en-vera-2\/","title":{"rendered":"Procedimientos de Los Pumas en Vera"},"content":{"rendered":"<p><strong>Personal policial de la secci\u00f3n Vera de la DGSR juntamente con personal de ASSAL<\/strong> confeccionaron actas por constataci\u00f3n de infracci\u00f3n a un hombre que se trasladaba en una motocicleta, acondicionada para llevar freezer, que transportaba productos alimenticios (cortes c\u00e1rneos) carente de habilitaci\u00f3n correspondiente.<\/p>\n<p>Por disposici\u00f3n de personal de ASSAL se le hizo entrega de la totalidad<br \/>\nde los cortes c\u00e1rnicos, por encontrarse en condiciones de fr\u00edo exigidas, para ser entregada<br \/>\na destino.Interviene Agencia Santafesina de Seguridad Alimentaria de la Ciudad de Vera.<\/p>\n<p><strong>Equinos sueltos<\/strong><\/p>\n<p>Prosiguiendo con sus tareas de prevenci\u00f3n, de recorrida por la ciudad, m\u00e1s<br \/>\nprecisamente por calles Mariano Leiva y Roque S\u00e1enz Pe\u00f1a, observaron dos animales<br \/>\nequinos sueltos sin cuidado de personas, siendo posteriormente capturados con el fin de<br \/>\nproteger a los transe\u00fantes evitando accidentes y para resguardo de los mismos.<\/p>\n<p>Fueron secuestrados preventivamente y trasladados hasta sede policial, donde luego de diligencias lograron dar con sus propietarios de 60 y 59 a\u00f1os de edad, a quienes se los<br \/>\nnotific\u00f3 pori infracci\u00f3n al Art. 98 de la Ley Pcial N\u00b0 13.774 (omisi\u00f3n de custodia<br \/>\nanimal). Interviene Unidad Fiscal de la Ciudad de Vera.<\/p>\n","protected":false},"excerpt":{"rendered":"<p>Personal policial de la secci\u00f3n Vera de la DGSR juntamente con personal de ASSAL confeccionaron actas por constataci\u00f3n de infracci\u00f3n a un hombre que se trasladaba en una motocicleta, acondicionada para llevar freezer, que transportaba productos alimenticios (cortes c\u00e1rneos) carente de habilitaci\u00f3n correspondiente. Por disposici\u00f3n de personal de ASSAL se le hizo entrega de la [&hellip;]<\/p>\n","protected":false},"author":3,"featured_media":19714,"comment_status":"open","ping_status":"open","sticky":false,"template":"","format":"standard","meta":{"_joinchat":[],"footnotes":""},"categories":[30,53],"tags":[],"class_list":{"0":"post-19708","1":"post","2":"type-post","3":"status-publish","4":"format-standard","5":"has-post-thumbnail","7":"category-policiales","8":"category-vera"},"_links":{"self":[{"href":"https:\/\/infovera.com.ar\/web\/wp-json\/wp\/v2\/posts\/19708","targetHints":{"allow":["GET"]}}],"collection":[{"href":"https:\/\/infovera.com.ar\/web\/wp-json\/wp\/v2\/posts"}],"about":[{"href":"https:\/\/infovera.com.ar\/web\/wp-json\/wp\/v2\/types\/post"}],"author":[{"embeddable":true,"href":"https:\/\/infovera.com.ar\/web\/wp-json\/wp\/v2\/users\/3"}],"replies":[{"embeddable":true,"href":"https:\/\/infovera.com.ar\/web\/wp-json\/wp\/v2\/comments?post=19708"}],"version-history":[{"count":0,"href":"https:\/\/infovera.com.ar\/web\/wp-json\/wp\/v2\/posts\/19708\/revisions"}],"wp:featuredmedia":[{"embeddable":true,"href":"https:\/\/infovera.com.ar\/web\/wp-json\/wp\/v2\/media\/19714"}],"wp:attachment":[{"href":"https:\/\/infovera.com.ar\/web\/wp-json\/wp\/v2\/media?parent=19708"}],"wp:term":[{"taxonomy":"category","embeddable":true,"href":"https:\/\/infovera.com.ar\/web\/wp-json\/wp\/v2\/categories?post=19708"},{"taxonomy":"post_tag","embeddable":true,"href":"https:\/\/infovera.com.ar\/web\/wp-json\/wp\/v2\/tags?post=19708"}],"curies":[{"name":"wp","href":"https:\/\/api.w.org\/{rel}","templated":true}]}}