{"id":19703,"date":"2021-04-25T12:58:12","date_gmt":"2021-04-25T15:58:12","guid":{"rendered":"https:\/\/infovera.com.ar\/web\/?p=19703"},"modified":"2021-04-25T21:10:56","modified_gmt":"2021-04-26T00:10:56","slug":"lifschitz-se-encuentra-estable-y-con-asistencia-respiratoria","status":"publish","type":"post","link":"https:\/\/infovera.com.ar\/web\/2021\/04\/25\/lifschitz-se-encuentra-estable-y-con-asistencia-respiratoria\/","title":{"rendered":"Lifschitz se encuentra estable y con asistencia respiratoria"},"content":{"rendered":"<p><strong>Parte m\u00e9dico de Miguel Lifschitz:<\/strong><\/p>\n<p>El Ing. Miguel Lifschitz permanece internado en sala de cuidados intensivos por un cuadro de compromiso pulmonar compatible con el Covid 19 que cursa.<\/p>\n<p>El paciente se encuentra estable, respondiendo a la asistencia mec\u00e1nica respiratoria y a los soportes terap\u00e9uticos que est\u00e1 recibiendo.<\/p>\n","protected":false},"excerpt":{"rendered":"<p>Parte m\u00e9dico de Miguel Lifschitz: El Ing. Miguel Lifschitz permanece internado en sala de cuidados intensivos por un cuadro de compromiso pulmonar compatible con el Covid 19 que cursa. El paciente se encuentra estable, respondiendo a la asistencia mec\u00e1nica respiratoria y a los soportes terap\u00e9uticos que est\u00e1 recibiendo.<\/p>\n","protected":false},"author":3,"featured_media":19704,"comment_status":"open","ping_status":"open","sticky":false,"template":"","format":"standard","meta":{"_joinchat":[],"footnotes":""},"categories":[60],"tags":[],"class_list":{"0":"post-19703","1":"post","2":"type-post","3":"status-publish","4":"format-standard","5":"has-post-thumbnail","7":"category-provinciales"},"_links":{"self":[{"href":"https:\/\/infovera.com.ar\/web\/wp-json\/wp\/v2\/posts\/19703","targetHints":{"allow":["GET"]}}],"collection":[{"href":"https:\/\/infovera.com.ar\/web\/wp-json\/wp\/v2\/posts"}],"about":[{"href":"https:\/\/infovera.com.ar\/web\/wp-json\/wp\/v2\/types\/post"}],"author":[{"embeddable":true,"href":"https:\/\/infovera.com.ar\/web\/wp-json\/wp\/v2\/users\/3"}],"replies":[{"embeddable":true,"href":"https:\/\/infovera.com.ar\/web\/wp-json\/wp\/v2\/comments?post=19703"}],"version-history":[{"count":0,"href":"https:\/\/infovera.com.ar\/web\/wp-json\/wp\/v2\/posts\/19703\/revisions"}],"wp:featuredmedia":[{"embeddable":true,"href":"https:\/\/infovera.com.ar\/web\/wp-json\/wp\/v2\/media\/19704"}],"wp:attachment":[{"href":"https:\/\/infovera.com.ar\/web\/wp-json\/wp\/v2\/media?parent=19703"}],"wp:term":[{"taxonomy":"category","embeddable":true,"href":"https:\/\/infovera.com.ar\/web\/wp-json\/wp\/v2\/categories?post=19703"},{"taxonomy":"post_tag","embeddable":true,"href":"https:\/\/infovera.com.ar\/web\/wp-json\/wp\/v2\/tags?post=19703"}],"curies":[{"name":"wp","href":"https:\/\/api.w.org\/{rel}","templated":true}]}}