{"id":19666,"date":"2021-04-23T21:49:21","date_gmt":"2021-04-24T00:49:21","guid":{"rendered":"https:\/\/infovera.com.ar\/web\/?p=19666"},"modified":"2021-04-24T21:55:25","modified_gmt":"2021-04-25T00:55:25","slug":"la-policia-debio-acordonar-la-casa-del-intendente-vallejos-por-la-marcha-contra-las-restricciones-video","status":"publish","type":"post","link":"https:\/\/infovera.com.ar\/web\/2021\/04\/23\/la-policia-debio-acordonar-la-casa-del-intendente-vallejos-por-la-marcha-contra-las-restricciones-video\/","title":{"rendered":"La polic\u00eda debi\u00f3 acordonar la casa del intendente Vallejos por la marcha contra las restricciones (video)"},"content":{"rendered":"<p><strong>Alrededor de las 21, numeros vecinos de las ciudades de Avellaneda, <\/strong><strong>Reconquista<\/strong><strong> y zona confluyeron en inmediaciones del puente que une el \u00e1rea metropolitana bajo el lema &#8220;23A&#8221;.<\/strong><\/p>\n<p>Con epicentro en Ruta Nacional 11 e Independencia, en inmediaciones de la cabecera sur del viaducto, cerca de 400 manifestantes se autoconvocaron para protestar en contra de las restricciones instauradas a partir de la fecha por el gobierno nacional en torno a la pandemia de coronavirus, y que tuvieron acatamiento del gobierno provincial y de los municipios.<\/p>\n<p>Desde ese punto, se trasladaron al ingreso sur de la ciudad de Reconquista (Parque Sur) en una columna que la estimaci\u00f3n policial calcul\u00f3 en alrededor de 300 personas y que cort\u00f3 en ocasiones la rotonda sur (intersecci\u00f3n de las rutas 11 y A009) dejando una mano libre para el tr\u00e1nsito.<\/p>\n<p>Luego, dieron a conocer que se trasladar\u00edan a la casa del intendente de Reconquista, Amadeo Vallejos, enclavada dentro del macrocentro reconquistense. Ante ese aviso, la jefatura departamental de polic\u00eda envi\u00f3 varias patrullas con efectivos t\u00e1cticos que se apostaron en ambas ochavas para impedir la marcha por calle San Lorenzo, cubriendo de esa manera la casa del mandatario municipal.<\/p>\n<p>Al no poder avanzar hacia la vivienda, el grueso de los movilizados, que a esa altura sumaban 400 almas, decidi\u00f3 caminar hacia el centro de la ciudad, para seguidamente continuar la marcha otra vez hasta la Ruta 11. Por la bicisenda se dirigieron a la ciudad de Avellaneda donde se desconcentraron.<\/p>\n<p>No se registraron da\u00f1os materiales de ning\u00fan tipo, s\u00ed se escucharon c\u00e1nticos dirigidos a\u00a0 las autoridades nacionales y a la figura del intendente local. Antes de la medianoche, la hora l\u00edmite de circulaci\u00f3n, la manifestaci\u00f3n se dio por finalizada.<\/p>\n<p><iframe loading=\"lazy\" title=\"Protesta frente a la casa del intendente de Reconquista\" width=\"696\" height=\"392\" src=\"https:\/\/www.youtube.com\/embed\/tlSHJDXblA8?feature=oembed\" frameborder=\"0\" allow=\"accelerometer; autoplay; clipboard-write; encrypted-media; gyroscope; picture-in-picture; web-share\" referrerpolicy=\"strict-origin-when-cross-origin\" allowfullscreen><\/iframe><\/p>\n","protected":false},"excerpt":{"rendered":"<p>Alrededor de las 21, numeros vecinos de las ciudades de Avellaneda, Reconquista y zona confluyeron en inmediaciones del puente que une el \u00e1rea metropolitana bajo el lema &#8220;23A&#8221;. Con epicentro en Ruta Nacional 11 e Independencia, en inmediaciones de la cabecera sur del viaducto, cerca de 400 manifestantes se autoconvocaron para protestar en contra de [&hellip;]<\/p>\n","protected":false},"author":3,"featured_media":19668,"comment_status":"open","ping_status":"open","sticky":false,"template":"","format":"standard","meta":{"_joinchat":[],"footnotes":""},"categories":[55],"tags":[],"class_list":{"0":"post-19666","1":"post","2":"type-post","3":"status-publish","4":"format-standard","5":"has-post-thumbnail","7":"category-reconquista"},"_links":{"self":[{"href":"https:\/\/infovera.com.ar\/web\/wp-json\/wp\/v2\/posts\/19666","targetHints":{"allow":["GET"]}}],"collection":[{"href":"https:\/\/infovera.com.ar\/web\/wp-json\/wp\/v2\/posts"}],"about":[{"href":"https:\/\/infovera.com.ar\/web\/wp-json\/wp\/v2\/types\/post"}],"author":[{"embeddable":true,"href":"https:\/\/infovera.com.ar\/web\/wp-json\/wp\/v2\/users\/3"}],"replies":[{"embeddable":true,"href":"https:\/\/infovera.com.ar\/web\/wp-json\/wp\/v2\/comments?post=19666"}],"version-history":[{"count":0,"href":"https:\/\/infovera.com.ar\/web\/wp-json\/wp\/v2\/posts\/19666\/revisions"}],"wp:featuredmedia":[{"embeddable":true,"href":"https:\/\/infovera.com.ar\/web\/wp-json\/wp\/v2\/media\/19668"}],"wp:attachment":[{"href":"https:\/\/infovera.com.ar\/web\/wp-json\/wp\/v2\/media?parent=19666"}],"wp:term":[{"taxonomy":"category","embeddable":true,"href":"https:\/\/infovera.com.ar\/web\/wp-json\/wp\/v2\/categories?post=19666"},{"taxonomy":"post_tag","embeddable":true,"href":"https:\/\/infovera.com.ar\/web\/wp-json\/wp\/v2\/tags?post=19666"}],"curies":[{"name":"wp","href":"https:\/\/api.w.org\/{rel}","templated":true}]}}