{"id":19653,"date":"2021-04-23T20:47:49","date_gmt":"2021-04-23T23:47:49","guid":{"rendered":"https:\/\/infovera.com.ar\/web\/?p=19653"},"modified":"2021-04-24T02:01:17","modified_gmt":"2021-04-24T05:01:17","slug":"son-8-los-nuevos-casos-positivos-registrados-en-vera-este-viernes-y-hay-14-sospechosos","status":"publish","type":"post","link":"https:\/\/infovera.com.ar\/web\/2021\/04\/23\/son-8-los-nuevos-casos-positivos-registrados-en-vera-este-viernes-y-hay-14-sospechosos\/","title":{"rendered":"Son 8 los nuevos casos positivos registrados en Vera este viernes y hay 14 sospechosos"},"content":{"rendered":"<p><strong>Informe de fecha 23\/04\/2021. 20,00 hs. Comit\u00e9 departamental de emergencia por Coronavirus.<\/strong><\/p>\n<p><span style=\"color: #ff0000;\"><strong>VERA<\/strong><\/span><br \/>\n<span style=\"color: #ff0000;\"><strong>Positivos nuevos 8. (Determinados por m\u00e9todo AG).<\/strong><\/span><br \/>\nResultados Negativos 5. (Determinados: 3 por m\u00e9todo AG; 2 por PCR).<br \/>\nSospechosos 14. (A la espera de 3 resultados por PCR).<br \/>\nCasos positivos acumulados 1106.<br \/>\nTotal de Recuperados 1049.<br \/>\nFallecidos acumulados 24.<br \/>\nPositivos Activos 33.<br \/>\nInternados 4. (En el hospital de Vera).<br \/>\nPersonas en aislamiento preventivo: 113.<\/p>\n<p><strong>CALCHAQU\u00cd<\/strong><br \/>\n<strong>Resultados Negativos 14. (Determinados: 7 por m\u00e9todo AG; 7 por PCR).<\/strong><br \/>\nCasos positivos acumulados 564.<br \/>\nTotal de Recuperados 533. En el d\u00eda de la fecha se otorg\u00f3 1 alta.<br \/>\nFallecidos acumulados 22.<br \/>\nPositivos Activos 9.<br \/>\nInternados 0.<br \/>\nPersonas en aislamiento preventivo: 20.<\/p>\n<p><strong>MARGARITA<\/strong><br \/>\n<strong>Resultados Negativos 1. (Determinado por m\u00e9todo PCR).<\/strong><br \/>\nCasos positivos acumulados 196.<br \/>\nTotal de Recuperados 188.<br \/>\nFallecidos acumulados 5.<br \/>\nPositivos Activos 3.<br \/>\nInternados 0.<br \/>\nPersonas en aislamiento preventivo: 20.<\/p>\n<p><strong>LA GALLARETA<\/strong><br \/>\n<strong>Resultados Negativos 1. (Determinado por m\u00e9todo PCR).<\/strong><br \/>\nCasos positivos acumulados 49.<br \/>\nTotal de Recuperados 47.<br \/>\nFallecidos acumulados 2.<br \/>\nPositivos Activos 0.<br \/>\nPersonas en aislamiento preventivo: 8. (Por tener contacto estrecho con un caso positivo).<\/p>\n<p><strong><span style=\"color: #ff0000;\">FORTIN OLMOS<\/span><\/strong><br \/>\n<strong><span style=\"color: #ff0000;\">Positivos nuevos 1. (Determinado por m\u00e9todo PCR).<\/span><\/strong><br \/>\nResultados Negativos 2. (Determinados por m\u00e9todo PCR).<br \/>\nCasos positivos acumulados 56.<br \/>\nTotal de Recuperados 53.<br \/>\nFallecidos acumulados 2.<br \/>\nPositivos Activos 1.<br \/>\n(En su domicilio con buen estado de salud).<br \/>\nPersonas en aislamiento preventivo: 7. (Por tener contacto estrecho con un caso positivo).<\/p>\n<p><strong>INTIYACO<\/strong><br \/>\nCasos positivos acumulados 62.<br \/>\nTotal de Recuperados 60.<br \/>\nPositivos Activos 2.<br \/>\n(En sus domicilios con buen estado de salud).<br \/>\nPersonas en aislamiento preventivo: 4. (Por tener contacto estrecho con un caso sospechoso).<\/p>\n<p><strong>GARABATO<\/strong><br \/>\n<strong>Positivos nuevos 1. (Determinado por m\u00e9todo PCR).<\/strong><br \/>\nResultados Negativos 4. (Determinados por m\u00e9todo PCR).<br \/>\n<strong>Fallecidos 1. (Paciente que se encontraba internado en el hospital central de Reconquista).<\/strong><br \/>\nSospechosos 1. (A la espera del resultado por PCR).<br \/>\nCasos positivos acumulados 27.<br \/>\nTotal de Recuperados 21. En el d\u00eda de la fecha se otorgaron 2 altas.<br \/>\nFallecidos acumulados 4.<br \/>\nPositivos Activos 2.<br \/>\nInternados 1. (En el hospital de Vera).<br \/>\nPersonas en aislamiento preventivo: 12. (7 por tener contacto estrecho con un caso positivo; 5 por tener contacto con un caso sospechoso).<\/p>\n<p><strong>TARTAGAL<\/strong><br \/>\nCasos positivos acumulados 40.<br \/>\nTotal de Recuperados 36.<br \/>\nFallecidos acumulados 4.<br \/>\nPositivos Activos 0.<br \/>\nPersonas en aislamiento preventivo: 0.<\/p>\n<p><strong>TOBA<\/strong><br \/>\nCasos positivos acumulados 15.<br \/>\nTotal de Recuperados 15.<br \/>\nPositivos Activos 0.<br \/>\nPersonas en aislamiento preventivo: 0.<\/p>\n<p><strong>GOLONDRINA<\/strong><br \/>\nCasos positivos acumulados 11.<br \/>\nTotal de Recuperados 11.<br \/>\nPersonas en aislamiento preventivo: 0.<\/p>\n<p><strong>LOS AMORES<\/strong><br \/>\n<strong>Sospechosos 1.<\/strong><br \/>\nCasos positivos acumulados 10.<br \/>\nTotal de Recuperados 8.<br \/>\nPositivos Activos 2.<br \/>\n(En sus domicilios con buen estado de salud).<br \/>\nPersonas en aislamiento preventivo: 6.<\/p>\n<p><strong>CA\u00d1ADA OMB\u00da<\/strong><br \/>\nCasos positivos acumulados 1.<br \/>\nTotal de Recuperados 1.<br \/>\nPersonas en aislamiento preventivo: 0.<\/p>\n<p>RESTO DE LAS LOCALIDADES DEL DEPARTAMENTO<br \/>\nSin Novedades.<\/p>\n","protected":false},"excerpt":{"rendered":"<p>Informe de fecha 23\/04\/2021. 20,00 hs. Comit\u00e9 departamental de emergencia por Coronavirus. VERA Positivos nuevos 8. (Determinados por m\u00e9todo AG). Resultados Negativos 5. (Determinados: 3 por m\u00e9todo AG; 2 por PCR). Sospechosos 14. (A la espera de 3 resultados por PCR). Casos positivos acumulados 1106. Total de Recuperados 1049. Fallecidos acumulados 24. Positivos Activos 33. [&hellip;]<\/p>\n","protected":false},"author":3,"featured_media":0,"comment_status":"open","ping_status":"open","sticky":false,"template":"","format":"standard","meta":{"_joinchat":[],"footnotes":""},"categories":[53],"tags":[],"class_list":{"0":"post-19653","1":"post","2":"type-post","3":"status-publish","4":"format-standard","6":"category-vera"},"_links":{"self":[{"href":"https:\/\/infovera.com.ar\/web\/wp-json\/wp\/v2\/posts\/19653","targetHints":{"allow":["GET"]}}],"collection":[{"href":"https:\/\/infovera.com.ar\/web\/wp-json\/wp\/v2\/posts"}],"about":[{"href":"https:\/\/infovera.com.ar\/web\/wp-json\/wp\/v2\/types\/post"}],"author":[{"embeddable":true,"href":"https:\/\/infovera.com.ar\/web\/wp-json\/wp\/v2\/users\/3"}],"replies":[{"embeddable":true,"href":"https:\/\/infovera.com.ar\/web\/wp-json\/wp\/v2\/comments?post=19653"}],"version-history":[{"count":0,"href":"https:\/\/infovera.com.ar\/web\/wp-json\/wp\/v2\/posts\/19653\/revisions"}],"wp:attachment":[{"href":"https:\/\/infovera.com.ar\/web\/wp-json\/wp\/v2\/media?parent=19653"}],"wp:term":[{"taxonomy":"category","embeddable":true,"href":"https:\/\/infovera.com.ar\/web\/wp-json\/wp\/v2\/categories?post=19653"},{"taxonomy":"post_tag","embeddable":true,"href":"https:\/\/infovera.com.ar\/web\/wp-json\/wp\/v2\/tags?post=19653"}],"curies":[{"name":"wp","href":"https:\/\/api.w.org\/{rel}","templated":true}]}}