{"id":19617,"date":"2021-04-23T08:00:00","date_gmt":"2021-04-23T11:00:00","guid":{"rendered":"https:\/\/infovera.com.ar\/web\/?p=19617"},"modified":"2021-04-23T20:55:49","modified_gmt":"2021-04-23T23:55:49","slug":"alberto-fernandez-anunciara-hoy-la-obra-de-defensa-contra-inundaciones-para-los-amores","status":"publish","type":"post","link":"https:\/\/infovera.com.ar\/web\/2021\/04\/23\/alberto-fernandez-anunciara-hoy-la-obra-de-defensa-contra-inundaciones-para-los-amores\/","title":{"rendered":"Alberto Fern\u00e1ndez anunciar\u00e1 hoy la obra de defensa contra inundaciones para Los Amores"},"content":{"rendered":"<p><strong>El presidente Alberto Fern\u00e1ndez anunciar\u00e1 este viernes, a partir de las 11, obras y medidas por 76.616,1 millones de pesos para la provincia de Santa Fe al encabezar una reuni\u00f3n de Gabinete Federal que se realizar\u00e1 en Rosario, como parte de la pol\u00edtica de Capitales Alternas.<\/strong><\/p>\n<p>El mandatario ser\u00e1 recibido por el gobernador Omar Perotti en la sede rosarina del Gobierno Provincial donde mantendr\u00e1n una reuni\u00f3n con miembros del gabinete provincial y nacional y firmar\u00e1n acuerdos.<\/p>\n<p>Formar\u00e1n parte de la comitiva nacional el jefe de Gabinete, Santiago Cafiero; y los ministros del Interior, Eduardo de Pedro; de Defensa, Agust\u00edn Rossi; de Obras P\u00fablicas, Gabriel Katopodis;\u00a0 de Transporte, Mario Meoni, y de Agricultura, Ganader\u00eda y Pesca, Luis Basterra.<\/p>\n<p>Adem\u00e1s, acompa\u00f1ar\u00e1n al Jefe de Estado el secretario General de Presidencia, Julio Vitobello; el secretario de Comunicaci\u00f3n y Prensa, Juan Pablo Biondi; el director Ejecutivo de ANDIS, Fernando Galarraga, y la titular del Instituto Nacional de Juventudes, Macarena S\u00e1nchez.<\/p>\n<p>Las obras:<\/p>\n<p><strong>\u2022 4 proyectos de defensa contra inundaciones y terraplenes en Santa Fe, Rafaela, Roldan, Reconquista y Los Amores.\u00a0<\/strong><\/p>\n<p>\u2022 12 Centros de desarrollo infantil.<\/p>\n<p>\u2022 2.300 millones para el financiamiento de 184 proyectos de diversas localidades.<\/p>\n<p>\u2022 La repavimentaci\u00f3n de la ruta 95.<\/p>\n<p>\u2022 La firma del convenio para la asistencia en el marco de la ley de emergencia agropecuaria.<\/p>\n<p>\u2022 Diversas acciones en el marco del plan Cosecha Segura.<\/p>\n<p>Se espera adem\u00e1s el anuncio de una obra clave para el territorio, pero no trascendi\u00f3 el monto o el proyecto.<\/p>\n<p>Este es el viaje que el presidente, junto a los integrantes de su gabinete, ten\u00eda previsto realizar el pasado 11 de marzo pero que fue suspendido por la grave situaci\u00f3n de salud de la madre del gobernador, quien finalmente falleci\u00f3 ese mismo d\u00eda.<\/p>\n<p>Entre las autoridades nacionales que acompa\u00f1ar\u00e1n al presidente se destacan el Jefe de Gabinete de Ministros, Santiago Cafiero; el ministro del Interior, Eduardo de Pedro y el ministro de Defensa, Agust\u00edn Rossi.<\/p>\n<p>&nbsp;<\/p>\n","protected":false},"excerpt":{"rendered":"<p>El presidente Alberto Fern\u00e1ndez anunciar\u00e1 este viernes, a partir de las 11, obras y medidas por 76.616,1 millones de pesos para la provincia de Santa Fe al encabezar una reuni\u00f3n de Gabinete Federal que se realizar\u00e1 en Rosario, como parte de la pol\u00edtica de Capitales Alternas. El mandatario ser\u00e1 recibido por el gobernador Omar Perotti [&hellip;]<\/p>\n","protected":false},"author":3,"featured_media":19618,"comment_status":"open","ping_status":"open","sticky":false,"template":"","format":"standard","meta":{"_joinchat":[],"footnotes":""},"categories":[51],"tags":[],"class_list":{"0":"post-19617","1":"post","2":"type-post","3":"status-publish","4":"format-standard","5":"has-post-thumbnail","7":"category-locales"},"_links":{"self":[{"href":"https:\/\/infovera.com.ar\/web\/wp-json\/wp\/v2\/posts\/19617","targetHints":{"allow":["GET"]}}],"collection":[{"href":"https:\/\/infovera.com.ar\/web\/wp-json\/wp\/v2\/posts"}],"about":[{"href":"https:\/\/infovera.com.ar\/web\/wp-json\/wp\/v2\/types\/post"}],"author":[{"embeddable":true,"href":"https:\/\/infovera.com.ar\/web\/wp-json\/wp\/v2\/users\/3"}],"replies":[{"embeddable":true,"href":"https:\/\/infovera.com.ar\/web\/wp-json\/wp\/v2\/comments?post=19617"}],"version-history":[{"count":0,"href":"https:\/\/infovera.com.ar\/web\/wp-json\/wp\/v2\/posts\/19617\/revisions"}],"wp:featuredmedia":[{"embeddable":true,"href":"https:\/\/infovera.com.ar\/web\/wp-json\/wp\/v2\/media\/19618"}],"wp:attachment":[{"href":"https:\/\/infovera.com.ar\/web\/wp-json\/wp\/v2\/media?parent=19617"}],"wp:term":[{"taxonomy":"category","embeddable":true,"href":"https:\/\/infovera.com.ar\/web\/wp-json\/wp\/v2\/categories?post=19617"},{"taxonomy":"post_tag","embeddable":true,"href":"https:\/\/infovera.com.ar\/web\/wp-json\/wp\/v2\/tags?post=19617"}],"curies":[{"name":"wp","href":"https:\/\/api.w.org\/{rel}","templated":true}]}}