{"id":19558,"date":"2021-04-22T11:34:34","date_gmt":"2021-04-22T14:34:34","guid":{"rendered":"https:\/\/infovera.com.ar\/web\/?p=19558"},"modified":"2021-04-22T22:34:16","modified_gmt":"2021-04-23T01:34:16","slug":"dos-vidas-sesgadas-por-disparos-y-un-caso-que-quizas-no-se-resuelva-nunca","status":"publish","type":"post","link":"https:\/\/infovera.com.ar\/web\/2021\/04\/22\/dos-vidas-sesgadas-por-disparos-y-un-caso-que-quizas-no-se-resuelva-nunca\/","title":{"rendered":"Dos vidas sesgadas por disparos y un caso que quiz\u00e1s no se resuelva nunca"},"content":{"rendered":"<p><strong>Un padre muerto y su hijo en estado vegetativo. Un doble suicidio u homicidio seguido de intento de suicidio es la car\u00e1tula. Se trata del hecho que en la tarde ayer convulsion\u00f3 a Reconquista. La palabra del fiscal.<\/strong><\/p>\n<p>A menos de 24 horas del tr\u00e1gico suceso que en la tarde del mi\u00e9rcoles enlut\u00f3 a una familia de la zona norte de Reconquista, las dos hip\u00f3tesis que sigue la justicia se centran en un doble suicidio o en un homicidio seguido de suicidio.<\/p>\n<p>Pasadas las 14 de ayer dos detonaciones cortaron la monoton\u00eda y el silencio de la siesta en la casa ubicada en Almafuerte al 978, un sector con calle de calzada natural y frondosa arboleda.<\/p>\n<p>Los dos disparos fueron seguidos y terminaron con la vida de Ernesto Juan Corgniali, de 73 a\u00f1os, y dejaron en estado de muerte cerebral a su hijo Julio C\u00e9sar, de 37 a\u00f1os. Al jefe de familia el proyectil le ingres\u00f3 por la boca para salir por la zona posterior del cr\u00e1neo. El impacto del arma calibre 38 de considerable poder destructivo lo mat\u00f3 en el acto, qued\u00f3 tendido sobre la cama de la habitaci\u00f3n. La bala fue recogida por personal de criminal\u00edstica desde la almohada.<\/p>\n<p>En cambio, su hijo &#8211; con problemas psiqui\u00e1tricos &#8211; tuvo destino dispar ya que el tiro le dio en la cabeza, pero no lleg\u00f3 matarlo. En un hilo de vida fue trasladado al Nuevo Hospital de Reconquista donde por estas horas agoniza con muerte cerebral y sin pron\u00f3stico de vida.<\/p>\n<p>Ambos cuerpos fueron hallados por los restantes dos hijos del fallecido. La hija estaba en la casa cuando escuch\u00f3 los disparos, se asust\u00f3 y llam\u00f3 a su hermano con quien, al entrar al cuarto, dieron con la sangrienta escena.<\/p>\n<p><strong>\u00a0Misterio<\/strong><\/p>\n<p>\u201cEn un caso que quiz\u00e1s no se llegue a resolver nunca\u201d, dijo a <strong>InfoVera<\/strong> el fiscal Sebasti\u00e1n Marichal que investiga el caso, en referencia a que es complejo poder determinar si fue \u201cun doble suicidio o un homicidio seguido de suicidio\u201d.<\/p>\n<p>Por el momento, el funcionario judicial confirm\u00f3 que las pruebas de dermotest dieron negativo en la persona presente en la vivienda al momento del suceso, positivo en ambas manos de Corgniali padre \u201clo que no implica que haya sostenido el arma\u201d, y que se espera el desenlace de la vida de Julio C\u00e9sar Corgniali (conectado a un respirador sin esperanzas de sobrevida) para ver si se avanza con una autopsia que pueda arrojar mayores precisiones.<\/p>\n<p>El fiscal se\u00f1al\u00f3 que no se encontraron rastros y ni evidencias de violencia, como as\u00ed tampoco carta de despedida ni testimonios de alguna discusi\u00f3n previa inmediata o de d\u00edas anteriores que pueda haber desencadenado esta tragedia familiar. Remarc\u00f3 que todo induce a pensar que no hubo participaci\u00f3n de terceros, por lo que no hay margen para que el proceso penal se corra de las dos v\u00edctimas.<\/p>\n","protected":false},"excerpt":{"rendered":"<p>Un padre muerto y su hijo en estado vegetativo. Un doble suicidio u homicidio seguido de intento de suicidio es la car\u00e1tula. Se trata del hecho que en la tarde ayer convulsion\u00f3 a Reconquista. La palabra del fiscal. A menos de 24 horas del tr\u00e1gico suceso que en la tarde del mi\u00e9rcoles enlut\u00f3 a una [&hellip;]<\/p>\n","protected":false},"author":3,"featured_media":19561,"comment_status":"open","ping_status":"open","sticky":false,"template":"","format":"standard","meta":{"_joinchat":[],"footnotes":""},"categories":[51,30,55],"tags":[],"class_list":{"0":"post-19558","1":"post","2":"type-post","3":"status-publish","4":"format-standard","5":"has-post-thumbnail","7":"category-locales","8":"category-policiales","9":"category-reconquista"},"_links":{"self":[{"href":"https:\/\/infovera.com.ar\/web\/wp-json\/wp\/v2\/posts\/19558","targetHints":{"allow":["GET"]}}],"collection":[{"href":"https:\/\/infovera.com.ar\/web\/wp-json\/wp\/v2\/posts"}],"about":[{"href":"https:\/\/infovera.com.ar\/web\/wp-json\/wp\/v2\/types\/post"}],"author":[{"embeddable":true,"href":"https:\/\/infovera.com.ar\/web\/wp-json\/wp\/v2\/users\/3"}],"replies":[{"embeddable":true,"href":"https:\/\/infovera.com.ar\/web\/wp-json\/wp\/v2\/comments?post=19558"}],"version-history":[{"count":0,"href":"https:\/\/infovera.com.ar\/web\/wp-json\/wp\/v2\/posts\/19558\/revisions"}],"wp:featuredmedia":[{"embeddable":true,"href":"https:\/\/infovera.com.ar\/web\/wp-json\/wp\/v2\/media\/19561"}],"wp:attachment":[{"href":"https:\/\/infovera.com.ar\/web\/wp-json\/wp\/v2\/media?parent=19558"}],"wp:term":[{"taxonomy":"category","embeddable":true,"href":"https:\/\/infovera.com.ar\/web\/wp-json\/wp\/v2\/categories?post=19558"},{"taxonomy":"post_tag","embeddable":true,"href":"https:\/\/infovera.com.ar\/web\/wp-json\/wp\/v2\/tags?post=19558"}],"curies":[{"name":"wp","href":"https:\/\/api.w.org\/{rel}","templated":true}]}}