{"id":19539,"date":"2021-04-21T22:46:36","date_gmt":"2021-04-22T01:46:36","guid":{"rendered":"https:\/\/infovera.com.ar\/web\/?p=19539"},"modified":"2021-04-21T22:46:36","modified_gmt":"2021-04-22T01:46:36","slug":"la-higiene-y-seguridad-en-el-trabajo-en-tiempos-de-pandemia","status":"publish","type":"post","link":"https:\/\/infovera.com.ar\/web\/2021\/04\/21\/la-higiene-y-seguridad-en-el-trabajo-en-tiempos-de-pandemia\/","title":{"rendered":"La higiene y seguridad en el trabajo en tiempos de pandemia"},"content":{"rendered":"<p><strong>Desde protocolos presenciales, hasta home office. Los cambios que se fueron dando en el \u00e1mbito laboral y que llevaron a replantearse nuevos espacios de trabajo y sus posibles riesgos<\/strong><\/p>\n<p>El 21 de abril se conmemora el D\u00eda Nacional de la Higiene y Seguridad en el Trabajo. Desde hace un a\u00f1o, producto de la pandemia del Covid -19, este tema se volvi\u00f3 central porque debieron empezar a diagramar estrategias y recomendaciones para que los lugares de trabajo sean seguros.<\/p>\n<p>La situaci\u00f3n sanitaria, que se vive a nivel mundial, llev\u00f3 a cambiar las formas de trabajo a las que se estaba acostumbrado. Tanto los trabajadores como los empleadores tuvieron que adaptarse a nuevos lugares de trabajo, cambios en la comunicaci\u00f3n, incorporaci\u00f3n de nuevas tecnolog\u00edas y aplicaciones que permiten estar conectados, manteniendo una reuni\u00f3n, pero sin estar presentes f\u00edsicamente.<\/p>\n<p>Tal fue el impacto dentro de los \u00e1mbitos de trabajo que la Superintendencia de Riesgos del Trabajo, a trav\u00e9s de la resoluci\u00f3n 21\/2020, reconoci\u00f3 al hogar como \u00e1mbito laboral y estableci\u00f3 diversas normas tendientes a, por un lado, proteger a los trabajadores que estuvieran en los grupos de riesgo y, por el otro, intentar evitar la transmisi\u00f3n del virus <strong>mediante la disminuci\u00f3n de la afluencia de personas a los \u00e1mbitos laborales.\u00a0<\/strong><\/p>\n<p><strong>Medidas que se adoptaron<\/strong><\/p>\n<p>Desde hace un a\u00f1o se habla de la \u201cnueva normalidad\u201d, dentro del \u00e1mbito laboral esto tambi\u00e9n se da. Para garantizar la salud de los trabajadores se han tomado nuevas medidas y se ha hecho m\u00e1s hincapi\u00e9 en algunas que ya estaban.<br \/>\nEn di\u00e1logo con El Litoral, Dami\u00e1n Hevia, Licenciado en Seguridad y Salud Ocupacional, explic\u00f3 que tanto en el \u201csector p\u00fablico como privado, actualmente a los empleados se le hace control de temperatura, deben exhibir la declaraci\u00f3n jurada de salud. Adem\u00e1s, tenemos el uso de barbijos como elemento de protecci\u00f3n personal, que antes era pr\u00e1cticamente inexistente, excepto para algunas actividades puntuales. Tambi\u00e9n est\u00e1 el tema del distanciamiento entre las personas. Por otra parte tenemos la higiene y desinfecci\u00f3n de los lugares de trabajo, como as\u00ed tambi\u00e9n la correcta ventilaci\u00f3n\u201d.<\/p>\n<p>Todos los puntos anteriormente planteados corresponden, hoy en d\u00eda, a una cuesti\u00f3n social y cultural a aplicar para evitar la propagaci\u00f3n del virus, que a su vez se han convertido en una norma dentro del trabajo.<\/p>\n<p><strong>Cuidados en el Home Office\u00a0<\/strong><\/p>\n<p>Trabajar desde el hogar tambi\u00e9n tiene sus riesgos. Dami\u00e1n, explica que \u201cmuchas veces son riesgos que est\u00e1n habitualmente en los hogares y la gente no los tiene en cuenta. Hablamos de riesgos el\u00e9ctricos, incendios y mucho de lo que es la postura de columna\u201d.<br \/>\nA la hora de ponerse a trabajar se deben evaluar, entre otras cosas, la iluminaci\u00f3n, altura del monitor y del teclado, todo esto aunque parezca algo b\u00e1sico \u201cson situaciones que ayudan a evitar riesgos para la salud de las personas\u201d, sostuvo el entrevistado.<\/p>\n<p>Hacer frente a la pandemia es un desafi\u00f3 que se vive d\u00eda a d\u00eda, buscando las mejores herramientas para poder generar un ambiente de trabajo seguro.<\/p>\n<p>El uso de barbijo y el distanciamiento, pas\u00f3 a ser una norma social y laboral que se debe cumplir para poder prevenir la propagaci\u00f3n del virus.<\/p>\n<p>El Litoral<\/p>\n","protected":false},"excerpt":{"rendered":"<p>Desde protocolos presenciales, hasta home office. Los cambios que se fueron dando en el \u00e1mbito laboral y que llevaron a replantearse nuevos espacios de trabajo y sus posibles riesgos El 21 de abril se conmemora el D\u00eda Nacional de la Higiene y Seguridad en el Trabajo. Desde hace un a\u00f1o, producto de la pandemia del [&hellip;]<\/p>\n","protected":false},"author":3,"featured_media":19541,"comment_status":"open","ping_status":"open","sticky":false,"template":"","format":"standard","meta":{"_joinchat":[],"footnotes":""},"categories":[58],"tags":[],"class_list":{"0":"post-19539","1":"post","2":"type-post","3":"status-publish","4":"format-standard","5":"has-post-thumbnail","7":"category-opinion"},"_links":{"self":[{"href":"https:\/\/infovera.com.ar\/web\/wp-json\/wp\/v2\/posts\/19539","targetHints":{"allow":["GET"]}}],"collection":[{"href":"https:\/\/infovera.com.ar\/web\/wp-json\/wp\/v2\/posts"}],"about":[{"href":"https:\/\/infovera.com.ar\/web\/wp-json\/wp\/v2\/types\/post"}],"author":[{"embeddable":true,"href":"https:\/\/infovera.com.ar\/web\/wp-json\/wp\/v2\/users\/3"}],"replies":[{"embeddable":true,"href":"https:\/\/infovera.com.ar\/web\/wp-json\/wp\/v2\/comments?post=19539"}],"version-history":[{"count":0,"href":"https:\/\/infovera.com.ar\/web\/wp-json\/wp\/v2\/posts\/19539\/revisions"}],"wp:featuredmedia":[{"embeddable":true,"href":"https:\/\/infovera.com.ar\/web\/wp-json\/wp\/v2\/media\/19541"}],"wp:attachment":[{"href":"https:\/\/infovera.com.ar\/web\/wp-json\/wp\/v2\/media?parent=19539"}],"wp:term":[{"taxonomy":"category","embeddable":true,"href":"https:\/\/infovera.com.ar\/web\/wp-json\/wp\/v2\/categories?post=19539"},{"taxonomy":"post_tag","embeddable":true,"href":"https:\/\/infovera.com.ar\/web\/wp-json\/wp\/v2\/tags?post=19539"}],"curies":[{"name":"wp","href":"https:\/\/api.w.org\/{rel}","templated":true}]}}