{"id":19527,"date":"2021-04-21T23:16:09","date_gmt":"2021-04-22T02:16:09","guid":{"rendered":"https:\/\/infovera.com.ar\/web\/?p=19527"},"modified":"2021-04-22T22:38:16","modified_gmt":"2021-04-23T01:38:16","slug":"los-tres-casos-de-covid-de-la-escuela-no-442-evolucionan-bien-y-no-hay-alumnos-contagiados","status":"publish","type":"post","link":"https:\/\/infovera.com.ar\/web\/2021\/04\/21\/los-tres-casos-de-covid-de-la-escuela-no-442-evolucionan-bien-y-no-hay-alumnos-contagiados\/","title":{"rendered":"Los tres casos de Covid de la escuela N\u00ba 442 evolucionan bien y no hay alumnos contagiados"},"content":{"rendered":"<p><strong>Las contagiadas son la directora, la vicedirectora y una docente. No hay alumnos afectados<\/strong>.<\/p>\n<p>Autoridades sanitarias confirmaron los tres casos positivos en la escuela Manuel Belgrano de Vera y dejaron en claro que no hay alumnos contagiados. Est\u00e1n bien las tres porque hab\u00edan sido vacunadas y los s\u00edntomas son leves, consignaron.<\/p>\n<p>La Dra. Elisabet Perlman dijo esta noche a <strong>InfoVera<\/strong> que podr\u00eda haber un cuarto caso que tuvo contacto estrecho con una de las tres docentes positivas, pero aclar\u00f3 que se trata de un familiar por lo que no pertenece a la comunidad educativa.<\/p>\n<p>La profesional a cargo de la lucha contra el Covid en todo el departamento Vera subray\u00f3 especialmente que al no haber alumnos ni m\u00e1s maestras contagiadas se puede afirmar que el protocolo de funcionamiento de la escuela nunca se rompi\u00f3, y que los contagios se dieron afuera de la sede escolar.<\/p>\n<p>Refiri\u00f3 asimismo que el primer caso surgi\u00f3 el jueves pasado cuando una de las docentes present\u00f3 un dolor leve de garganta. Debido a ello, la escuela fue desinfectada y luego lleg\u00f3 el fin de semana, con lo cual la circulaci\u00f3n del virus deb\u00eda ser inexistente el lunes cuando se retomaron las clases con pautas de prevenci\u00f3n.<\/p>\n<p>Ante versiones de que la escuela podr\u00eda ser desinfectada nuevamente en las pr\u00f3ximas horas, la Dra. Perlman estim\u00f3 que eso no ser\u00eda necesario, puesto que esa acci\u00f3n fue realizada la semana pasada y no hubo m\u00e1s casos.<\/p>\n<p>En di\u00e1logo con este portal, explic\u00f3 que los hisopados se hacen reci\u00e9n cuando transcurren algunos d\u00edas de la aparici\u00f3n de s\u00edntomas porque en los primeros momentos pueden darse falsos negativos.<\/p>\n<p>&nbsp;<\/p>\n","protected":false},"excerpt":{"rendered":"<p>Las contagiadas son la directora, la vicedirectora y una docente. No hay alumnos afectados. Autoridades sanitarias confirmaron los tres casos positivos en la escuela Manuel Belgrano de Vera y dejaron en claro que no hay alumnos contagiados. Est\u00e1n bien las tres porque hab\u00edan sido vacunadas y los s\u00edntomas son leves, consignaron. La Dra. Elisabet Perlman [&hellip;]<\/p>\n","protected":false},"author":3,"featured_media":19551,"comment_status":"open","ping_status":"open","sticky":false,"template":"","format":"standard","meta":{"_joinchat":[],"footnotes":""},"categories":[51,53],"tags":[],"class_list":{"0":"post-19527","1":"post","2":"type-post","3":"status-publish","4":"format-standard","5":"has-post-thumbnail","7":"category-locales","8":"category-vera"},"_links":{"self":[{"href":"https:\/\/infovera.com.ar\/web\/wp-json\/wp\/v2\/posts\/19527","targetHints":{"allow":["GET"]}}],"collection":[{"href":"https:\/\/infovera.com.ar\/web\/wp-json\/wp\/v2\/posts"}],"about":[{"href":"https:\/\/infovera.com.ar\/web\/wp-json\/wp\/v2\/types\/post"}],"author":[{"embeddable":true,"href":"https:\/\/infovera.com.ar\/web\/wp-json\/wp\/v2\/users\/3"}],"replies":[{"embeddable":true,"href":"https:\/\/infovera.com.ar\/web\/wp-json\/wp\/v2\/comments?post=19527"}],"version-history":[{"count":0,"href":"https:\/\/infovera.com.ar\/web\/wp-json\/wp\/v2\/posts\/19527\/revisions"}],"wp:featuredmedia":[{"embeddable":true,"href":"https:\/\/infovera.com.ar\/web\/wp-json\/wp\/v2\/media\/19551"}],"wp:attachment":[{"href":"https:\/\/infovera.com.ar\/web\/wp-json\/wp\/v2\/media?parent=19527"}],"wp:term":[{"taxonomy":"category","embeddable":true,"href":"https:\/\/infovera.com.ar\/web\/wp-json\/wp\/v2\/categories?post=19527"},{"taxonomy":"post_tag","embeddable":true,"href":"https:\/\/infovera.com.ar\/web\/wp-json\/wp\/v2\/tags?post=19527"}],"curies":[{"name":"wp","href":"https:\/\/api.w.org\/{rel}","templated":true}]}}