{"id":19442,"date":"2021-04-20T08:49:03","date_gmt":"2021-04-20T11:49:03","guid":{"rendered":"https:\/\/infovera.com.ar\/web\/?p=19442"},"modified":"2021-04-21T19:47:23","modified_gmt":"2021-04-21T22:47:23","slug":"ruben-cuello-coordina-la-llegada-del-programa-santa-fe-cerca-a-los-amores-y-tartagal","status":"publish","type":"post","link":"https:\/\/infovera.com.ar\/web\/2021\/04\/20\/ruben-cuello-coordina-la-llegada-del-programa-santa-fe-cerca-a-los-amores-y-tartagal\/","title":{"rendered":"Rub\u00e9n Cuello coordina la llegada del programa Santa Fe + Cerca a Los Amores y Tartagal"},"content":{"rendered":"<p><strong>El dispositivo territorial integrador de la Secretar\u00ed<\/strong><strong>a de Justicia del Gobierno de Santa Fe se desarrollar\u00e1, hoy martes 20 en Tartagal Mi\u00e9rcoles 21: La Gallareta, Jueves 23 y Viernes 24: Reconquista.<\/strong><\/p>\n<p>La iniciativa, un dispositivo territorial integrador que facilita a la comunidad el acceso a servicios judiciales y del Registro Civil, se present\u00f3 en &#8220;Los Amores&#8221;, con la presencia del intendente de Calchaqu\u00ed, Rub\u00e9n Cuello &#8211; que coordina la llegada del programa al departamento Vera -; del el director general de Accesos a la Justicia y Asistencia Judicial, Claudio Ainbinder, \u00a0subsecretario de Acceso a la Justicia, Franco Stampone y el presidente de la comuna de Los Amores, Omar Walker.<\/p>\n<p>La Secretar\u00eda de Justicia dependiente del Ministerio de Gobierno, Justicia, Derechos Humanos y Diversidad de la provincia contin\u00faa con la implementaci\u00f3n del Dispositivo de Integraci\u00f3n Territorial \u201cSanta Fe + Cerca\u201d, de manera conjunta con otras reparticiones provinciales.<\/p>\n<p>El programa consiste en asesorar a los ciudadanos y ciudadanas sobre distintos tr\u00e1mites, derechos y asistencia, que brindan diversas \u00e1reas del Gobierno de la Provincia de Santa Fe.<\/p>\n<p>Para su implementaci\u00f3n, participan de manera integral la Subsecretar\u00eda de Registros, Registro Civil, Registro de la Propiedad, RUAGA, IGPJ, la Subsecretar\u00eda de Acceso a la Justicia, la Direcci\u00f3n de Asistencia Judicial y, La Secretar\u00eda de Estado de Igualdad y G\u00e9nero de la Provincia.Cronograma:<\/p>\n<p>Martes 20: Tartagal<br \/>\nMi\u00e9rcoles 21: La Gallareta<br \/>\nJueves 23 y Viernes 24: Reconquista<\/p>\n<div id='gallery-1' class='gallery galleryid-19442 gallery-columns-3 gallery-size-thumbnail'><figure class='gallery-item'>\n\t\t\t<div class='gallery-icon landscape'>\n\t\t\t\t<a href='https:\/\/infovera.com.ar\/web\/2021\/04\/20\/ruben-cuello-coordina-la-llegada-del-programa-santa-fe-cerca-a-los-amores-y-tartagal\/santa-fe-mas-1\/'><img loading=\"lazy\" decoding=\"async\" width=\"150\" height=\"150\" src=\"https:\/\/infovera.com.ar\/web\/wp-content\/uploads\/2021\/04\/santa-fe-mas-1-150x150.jpg\" class=\"attachment-thumbnail size-thumbnail\" alt=\"\" \/><\/a>\n\t\t\t<\/div><\/figure><figure class='gallery-item'>\n\t\t\t<div class='gallery-icon landscape'>\n\t\t\t\t<a href='https:\/\/infovera.com.ar\/web\/2021\/04\/20\/ruben-cuello-coordina-la-llegada-del-programa-santa-fe-cerca-a-los-amores-y-tartagal\/1-85\/'><img loading=\"lazy\" decoding=\"async\" width=\"150\" height=\"150\" src=\"https:\/\/infovera.com.ar\/web\/wp-content\/uploads\/2021\/04\/1-5-150x150.jpg\" class=\"attachment-thumbnail size-thumbnail\" alt=\"\" \/><\/a>\n\t\t\t<\/div><\/figure><figure class='gallery-item'>\n\t\t\t<div class='gallery-icon landscape'>\n\t\t\t\t<a href='https:\/\/infovera.com.ar\/web\/2021\/04\/20\/ruben-cuello-coordina-la-llegada-del-programa-santa-fe-cerca-a-los-amores-y-tartagal\/santa-fe-mas\/'><img loading=\"lazy\" decoding=\"async\" width=\"150\" height=\"150\" src=\"https:\/\/infovera.com.ar\/web\/wp-content\/uploads\/2021\/04\/santa-fe-mas-150x150.jpg\" class=\"attachment-thumbnail size-thumbnail\" alt=\"\" \/><\/a>\n\t\t\t<\/div><\/figure>\n\t\t<\/div>\n\n","protected":false},"excerpt":{"rendered":"<p>El dispositivo territorial integrador de la Secretar\u00eda de Justicia del Gobierno de Santa Fe se desarrollar\u00e1, hoy martes 20 en Tartagal Mi\u00e9rcoles 21: La Gallareta, Jueves 23 y Viernes 24: Reconquista. La iniciativa, un dispositivo territorial integrador que facilita a la comunidad el acceso a servicios judiciales y del Registro Civil, se present\u00f3 en &#8220;Los [&hellip;]<\/p>\n","protected":false},"author":3,"featured_media":19446,"comment_status":"open","ping_status":"open","sticky":false,"template":"","format":"standard","meta":{"_joinchat":[],"footnotes":""},"categories":[51],"tags":[],"class_list":{"0":"post-19442","1":"post","2":"type-post","3":"status-publish","4":"format-standard","5":"has-post-thumbnail","7":"category-locales"},"_links":{"self":[{"href":"https:\/\/infovera.com.ar\/web\/wp-json\/wp\/v2\/posts\/19442","targetHints":{"allow":["GET"]}}],"collection":[{"href":"https:\/\/infovera.com.ar\/web\/wp-json\/wp\/v2\/posts"}],"about":[{"href":"https:\/\/infovera.com.ar\/web\/wp-json\/wp\/v2\/types\/post"}],"author":[{"embeddable":true,"href":"https:\/\/infovera.com.ar\/web\/wp-json\/wp\/v2\/users\/3"}],"replies":[{"embeddable":true,"href":"https:\/\/infovera.com.ar\/web\/wp-json\/wp\/v2\/comments?post=19442"}],"version-history":[{"count":0,"href":"https:\/\/infovera.com.ar\/web\/wp-json\/wp\/v2\/posts\/19442\/revisions"}],"wp:featuredmedia":[{"embeddable":true,"href":"https:\/\/infovera.com.ar\/web\/wp-json\/wp\/v2\/media\/19446"}],"wp:attachment":[{"href":"https:\/\/infovera.com.ar\/web\/wp-json\/wp\/v2\/media?parent=19442"}],"wp:term":[{"taxonomy":"category","embeddable":true,"href":"https:\/\/infovera.com.ar\/web\/wp-json\/wp\/v2\/categories?post=19442"},{"taxonomy":"post_tag","embeddable":true,"href":"https:\/\/infovera.com.ar\/web\/wp-json\/wp\/v2\/tags?post=19442"}],"curies":[{"name":"wp","href":"https:\/\/api.w.org\/{rel}","templated":true}]}}