{"id":19379,"date":"2021-04-19T11:00:38","date_gmt":"2021-04-19T14:00:38","guid":{"rendered":"https:\/\/infovera.com.ar\/web\/?p=19379"},"modified":"2021-04-19T12:31:12","modified_gmt":"2021-04-19T15:31:12","slug":"la-asignacion-por-embarazo-alcanzo-a-casi-dos-millones-de-personas","status":"publish","type":"post","link":"https:\/\/infovera.com.ar\/web\/2021\/04\/19\/la-asignacion-por-embarazo-alcanzo-a-casi-dos-millones-de-personas\/","title":{"rendered":"La Asignaci\u00f3n por Embarazo alcanz\u00f3 a casi dos millones de personas"},"content":{"rendered":"<p><strong>Se cumplieron 10 a\u00f1os de la creaci\u00f3n de la Asignaci\u00f3n por Embarazo, pol\u00edtica p\u00fablica dise\u00f1ada e implementada por el gobierno de la expresidenta\u00a0Cristina Fern\u00e1ndez de Kirchner. En esta d\u00e9cada, la prestaci\u00f3n lleg\u00f3 a\u00a0casi 2 millones de personas. La asignaci\u00f3n, actualmente, da cobertura a casi\u00a072 mil embarazos.<\/strong><\/p>\n<p>Al respecto, la directora ejecutiva de la ANSES,\u00a0Fernanda Raverta, sostuvo: \u201cNuestro organismo es parte de la vida de los argentinos y las argentinas en todas las etapas de sus vidas. Desde hace 10 a\u00f1os con la asignaci\u00f3n hemos acompa\u00f1ado a casi 2 millones de embarazos desde una perspectiva de la protecci\u00f3n social\u201d.<\/p>\n<p>Al d\u00eda de hoy, 1.959.565 personas percibieron al menos una vez la Asignaci\u00f3n por Embarazo, entre mayo de 2011 y marzo de 2021.<\/p>\n<p>A partir de la decisi\u00f3n del Presidente\u00a0Alberto Fern\u00e1ndez, la ANSES avanz\u00f3 en ampliar los derechos de aquellas personas que se encontraban percibiendo la asignaci\u00f3n. Es por ello que, desde el Estado Nacional y de manera articulada, se elabor\u00f3 el Plan de los Mil D\u00edas, aprobado por el Congreso el 30 de diciembre de 2020 mediante la Ley 27.611.<\/p>\n<p>Este Plan, que busca acompa\u00f1ar desde el cuidado integral de la salud a los embarazos, posibilit\u00f3 que la asignaci\u00f3n pase de percibirse 6 meses a los 9 meses de gestaci\u00f3n, equipar\u00e1ndola a la Asignaci\u00f3n Familiar por Prenatal.<\/p>\n<p>La Asignaci\u00f3n por Embarazo marc\u00f3, junto a la Asignaci\u00f3n Universal por Hijo (AUH), un hito hacia la universalizaci\u00f3n del acceso a la Seguridad Social, ampliando derechos para las infancias, adolescencias y juventudes de la Argentina e introduciendo la perspectiva de g\u00e9nero en el sistema de la protecci\u00f3n social.<\/p>\n","protected":false},"excerpt":{"rendered":"<p>Se cumplieron 10 a\u00f1os de la creaci\u00f3n de la Asignaci\u00f3n por Embarazo, pol\u00edtica p\u00fablica dise\u00f1ada e implementada por el gobierno de la expresidenta\u00a0Cristina Fern\u00e1ndez de Kirchner. En esta d\u00e9cada, la prestaci\u00f3n lleg\u00f3 a\u00a0casi 2 millones de personas. La asignaci\u00f3n, actualmente, da cobertura a casi\u00a072 mil embarazos. Al respecto, la directora ejecutiva de la ANSES,\u00a0Fernanda Raverta, [&hellip;]<\/p>\n","protected":false},"author":3,"featured_media":19380,"comment_status":"open","ping_status":"open","sticky":false,"template":"","format":"standard","meta":{"_joinchat":[],"footnotes":""},"categories":[62],"tags":[],"class_list":{"0":"post-19379","1":"post","2":"type-post","3":"status-publish","4":"format-standard","5":"has-post-thumbnail","7":"category-nacionales"},"_links":{"self":[{"href":"https:\/\/infovera.com.ar\/web\/wp-json\/wp\/v2\/posts\/19379","targetHints":{"allow":["GET"]}}],"collection":[{"href":"https:\/\/infovera.com.ar\/web\/wp-json\/wp\/v2\/posts"}],"about":[{"href":"https:\/\/infovera.com.ar\/web\/wp-json\/wp\/v2\/types\/post"}],"author":[{"embeddable":true,"href":"https:\/\/infovera.com.ar\/web\/wp-json\/wp\/v2\/users\/3"}],"replies":[{"embeddable":true,"href":"https:\/\/infovera.com.ar\/web\/wp-json\/wp\/v2\/comments?post=19379"}],"version-history":[{"count":0,"href":"https:\/\/infovera.com.ar\/web\/wp-json\/wp\/v2\/posts\/19379\/revisions"}],"wp:featuredmedia":[{"embeddable":true,"href":"https:\/\/infovera.com.ar\/web\/wp-json\/wp\/v2\/media\/19380"}],"wp:attachment":[{"href":"https:\/\/infovera.com.ar\/web\/wp-json\/wp\/v2\/media?parent=19379"}],"wp:term":[{"taxonomy":"category","embeddable":true,"href":"https:\/\/infovera.com.ar\/web\/wp-json\/wp\/v2\/categories?post=19379"},{"taxonomy":"post_tag","embeddable":true,"href":"https:\/\/infovera.com.ar\/web\/wp-json\/wp\/v2\/tags?post=19379"}],"curies":[{"name":"wp","href":"https:\/\/api.w.org\/{rel}","templated":true}]}}