{"id":19348,"date":"2021-04-18T19:00:01","date_gmt":"2021-04-18T22:00:01","guid":{"rendered":"https:\/\/infovera.com.ar\/web\/?p=19348"},"modified":"2021-04-19T11:49:29","modified_gmt":"2021-04-19T14:49:29","slug":"un-incendio-afecto-el-interior-de-la-planta-de-friar-en-reconquista-video","status":"publish","type":"post","link":"https:\/\/infovera.com.ar\/web\/2021\/04\/18\/un-incendio-afecto-el-interior-de-la-planta-de-friar-en-reconquista-video\/","title":{"rendered":"Un incendio afect\u00f3 el interior de la planta de Friar en Reconquista (videos)"},"content":{"rendered":"<p><strong>El fuego se inici\u00f3 pasado el mediod\u00eda. Varias dotaciones de bomberos trabajaron para extinguir las llamas. Se inici\u00f3 por un cortocircuito.<\/strong><\/p>\n<p>El incendio se dio pasado el mediod\u00eda de este en la sede de la planta ubicada sobre el Bulevard Irigoyen, en Reconquista. Cerca de las 13:30 una densa columna de humo que comenz\u00f3 a salir del interior del frigor\u00edfico era visible desde todos los puntos de la ciudad.<\/p>\n<p>Al lugar arribaron dotaciones de bomberos de Reconquista, Avellaneda, Malabrigo y Romang, m\u00e1s una unidad cisterna de la Municipalidad de Reconquista, para combatir el foco \u00edgneo, tarea que les insumi\u00f3 hasta las 15 cuando el siniestro pudo ser controlado. Tambi\u00e9n acudi\u00f3 al lugar una unidad sanitaria en forma preventiva, aunque no fue necesaria la acci\u00f3n de param\u00e9dicos puesto que no se registraron heridos.<\/p>\n<p>Empleados de turno en Friar relataron que el sector donde funciona el montacargas fue donde se inici\u00f3 el fuego por causa de un cortocircuito. Espec\u00edficamente, el problema el\u00e9ctrico que deriv\u00f3 en la combusti\u00f3n en la zona de fabricaci\u00f3n de hamburguesas, un rubro en que la empresa trabaja para s\u00ed y para terceros.<\/p>\n<p>Por el momento, no fueron cuantificadas las p\u00e9rdidas, aunque podr\u00edan ser cuantiosas tras casi dos horas de fuego dentro de la planta, con sistemas de fr\u00edo e infraestructura afectados.<\/p>\n<p><iframe loading=\"lazy\" title=\"Incendio en Friar\" width=\"696\" height=\"392\" src=\"https:\/\/www.youtube.com\/embed\/_Ludy_3WQW0?feature=oembed\" frameborder=\"0\" allow=\"accelerometer; autoplay; clipboard-write; encrypted-media; gyroscope; picture-in-picture; web-share\" referrerpolicy=\"strict-origin-when-cross-origin\" allowfullscreen><\/iframe><\/p>\n<p><iframe loading=\"lazy\" title=\"Incendio en Friar 2\" width=\"696\" height=\"392\" src=\"https:\/\/www.youtube.com\/embed\/kOuc509fnIc?feature=oembed\" frameborder=\"0\" allow=\"accelerometer; autoplay; clipboard-write; encrypted-media; gyroscope; picture-in-picture; web-share\" referrerpolicy=\"strict-origin-when-cross-origin\" allowfullscreen><\/iframe><\/p>\n<p><iframe loading=\"lazy\" title=\"Incendio en Friar 3\" width=\"696\" height=\"392\" src=\"https:\/\/www.youtube.com\/embed\/GHuHLEr-3oU?feature=oembed\" frameborder=\"0\" allow=\"accelerometer; autoplay; clipboard-write; encrypted-media; gyroscope; picture-in-picture; web-share\" referrerpolicy=\"strict-origin-when-cross-origin\" allowfullscreen><\/iframe><\/p>\n","protected":false},"excerpt":{"rendered":"<p>El fuego se inici\u00f3 pasado el mediod\u00eda. Varias dotaciones de bomberos trabajaron para extinguir las llamas. Se inici\u00f3 por un cortocircuito. El incendio se dio pasado el mediod\u00eda de este en la sede de la planta ubicada sobre el Bulevard Irigoyen, en Reconquista. Cerca de las 13:30 una densa columna de humo que comenz\u00f3 a [&hellip;]<\/p>\n","protected":false},"author":3,"featured_media":19351,"comment_status":"open","ping_status":"open","sticky":false,"template":"","format":"standard","meta":{"_joinchat":[],"footnotes":""},"categories":[55],"tags":[],"class_list":{"0":"post-19348","1":"post","2":"type-post","3":"status-publish","4":"format-standard","5":"has-post-thumbnail","7":"category-reconquista"},"_links":{"self":[{"href":"https:\/\/infovera.com.ar\/web\/wp-json\/wp\/v2\/posts\/19348","targetHints":{"allow":["GET"]}}],"collection":[{"href":"https:\/\/infovera.com.ar\/web\/wp-json\/wp\/v2\/posts"}],"about":[{"href":"https:\/\/infovera.com.ar\/web\/wp-json\/wp\/v2\/types\/post"}],"author":[{"embeddable":true,"href":"https:\/\/infovera.com.ar\/web\/wp-json\/wp\/v2\/users\/3"}],"replies":[{"embeddable":true,"href":"https:\/\/infovera.com.ar\/web\/wp-json\/wp\/v2\/comments?post=19348"}],"version-history":[{"count":0,"href":"https:\/\/infovera.com.ar\/web\/wp-json\/wp\/v2\/posts\/19348\/revisions"}],"wp:featuredmedia":[{"embeddable":true,"href":"https:\/\/infovera.com.ar\/web\/wp-json\/wp\/v2\/media\/19351"}],"wp:attachment":[{"href":"https:\/\/infovera.com.ar\/web\/wp-json\/wp\/v2\/media?parent=19348"}],"wp:term":[{"taxonomy":"category","embeddable":true,"href":"https:\/\/infovera.com.ar\/web\/wp-json\/wp\/v2\/categories?post=19348"},{"taxonomy":"post_tag","embeddable":true,"href":"https:\/\/infovera.com.ar\/web\/wp-json\/wp\/v2\/tags?post=19348"}],"curies":[{"name":"wp","href":"https:\/\/api.w.org\/{rel}","templated":true}]}}