{"id":19327,"date":"2021-04-17T11:23:32","date_gmt":"2021-04-17T14:23:32","guid":{"rendered":"https:\/\/infovera.com.ar\/web\/?p=19327"},"modified":"2021-04-17T11:23:54","modified_gmt":"2021-04-17T14:23:54","slug":"habilitaron-obras-de-impacto-en-salud-y-seguridad-y-de-cicatrizacion-urbana","status":"publish","type":"post","link":"https:\/\/infovera.com.ar\/web\/2021\/04\/17\/habilitaron-obras-de-impacto-en-salud-y-seguridad-y-de-cicatrizacion-urbana\/","title":{"rendered":"Habilitaron obras de impacto en salud y seguridad y de \u201ccicatrizaci\u00f3n urbana\u201d"},"content":{"rendered":"<p><strong>Se trata de mejoras en el barrio Don Pedro de Avellaneda. La inversi\u00f3n fue cercana a los 50 millones de pesos. Murales y alegr\u00eda de los vecinos.<\/strong><\/p>\n<p>\u201cEstas son mejoras que impactan en la calidad, la seguridad y la salud de los vecinos\u201d, destac\u00f3 el intendente Dionisio Scarpin en la ceremonia de habilitaci\u00f3n de nuevas obras en el barrio Don Pedro.<\/p>\n<p>El mandatario municipal de Avellaneda estuvo acompa\u00f1ado por el senador Orfilio Marc\u00f3n, el presidente del Concejo Municipal, Mart\u00edn Ponticelli, y la secretaria de Obras P\u00fablicas y Planeamiento Territorial, Gisela Acosta.<\/p>\n<p>\u201cHoy es un d\u00eda de fiesta. Habilitamos una obra que nos cost\u00f3 mucho\u201d, destac\u00f3 Scarpin, y agradeci\u00f3 especialmente al Gobierno de Santa Fe, a la gesti\u00f3n anterior y a la actual, y a los representantes de las instituciones especialmente de las de este barrio y del barrio Nuevo.<\/p>\n<p>\u201cArrancamos con una obra de $27.000.000 y hoy, cuesta casi $50.000.000 y eso signific\u00f3 mucho esfuerzo, resignaciones, pero pusimos todo en comunidad y lo socializamos para se pueda concretar. Estas son mejoras que impactan en la calidad, la seguridad y la salud de los vecinos\u201d, manifest\u00f3.<\/p>\n<p>El titular municipal subray\u00f3 que \u201clos barrios Don Pedro y Nuevo tienen un gran sentido de pertenencia porque les cost\u00f3 mucho esfuerzo concretar sue\u00f1os y por eso, los felicito tambi\u00e9n\u201d.<\/p>\n<p><strong>Conquista territorial<\/strong><\/p>\n<p>A su turno, la titular de la cartera de Obras P\u00fablicas agradeci\u00f3 a todos quienes participaron del proceso de construcci\u00f3n de esta importante mejora: \u201cLo valioso de esta obra, m\u00e1s all\u00e1 de su ejecuci\u00f3n es que hoy tenemos mejor accesibilidad, un orden en el tr\u00e1nsito, iluminaci\u00f3n y, por tanto, m\u00e1s seguridad, juegos\u201d.<\/p>\n<p>\u201cPero lo m\u00e1s valioso fue el proceso de construcci\u00f3n social pues, en un lugar en el que pas\u00e1bamos solo por pasar, la comunidad se empez\u00f3 a encontrar. Y comenz\u00f3 a descubrir que el espacio ten\u00eda potencial y que, de repente, ten\u00edamos un lugar y pod\u00edamos permanecer y celebrar el arte urbano. Y nos vimos con una obra construida por todos, una cicatrizaci\u00f3n y una conquista territorial de un espacio al que hoy, le lleg\u00f3 su momento\u201d, remarc\u00f3 Gisela Acosta.<\/p>\n<p>Al finalizar, se\u00f1al\u00f3 a este como un objetivo de la gesti\u00f3n, entre los propuestos en el camino de la construcci\u00f3n de una ciudad m\u00e1s inclusiva y sostenible.<\/p>\n<p><strong>\u201cCon ansias\u201d<\/strong><\/p>\n<p>La artista Gisel Rosso, quien tuvo a su cargo pintar los murales debajo del puente, parafrase\u00f3 a El Principito al afirmar que \u201c\u2018lo que conocemos podemos querer\u2019 y qu\u00e9 mejor que enfocar en este tipo de im\u00e1genes (las pintadas en los muros) que nos permiten conocer lo que tenemos (Jaaukanig\u00e1s) y as\u00ed querer a los dem\u00e1s\u201d.<\/p>\n<p>Raquel Toledo, vecina del barrio, puso en palabras el sentimiento de la gente del barrio por este logro: \u201cEstoy orgullosa y emocionada por esta obra que esper\u00e1bamos con ansias\u201d. Y anhel\u00f3 que todos los vecinos puedan cuidar estas mejoras.<\/p>\n<p>El encuentro cont\u00f3 con entrega de presentes, la presencia de la Banda municipal de m\u00fasica e integrantes de la batucada de la murga del barrio Don Pedro. Acompa\u00f1aron concejales, integrantes del gabinete y personal municipal, representantes de instituciones y vecinos del barrio y sectores aleda\u00f1os.<\/p>\n","protected":false},"excerpt":{"rendered":"<p>Se trata de mejoras en el barrio Don Pedro de Avellaneda. La inversi\u00f3n fue cercana a los 50 millones de pesos. Murales y alegr\u00eda de los vecinos. \u201cEstas son mejoras que impactan en la calidad, la seguridad y la salud de los vecinos\u201d, destac\u00f3 el intendente Dionisio Scarpin en la ceremonia de habilitaci\u00f3n de nuevas [&hellip;]<\/p>\n","protected":false},"author":3,"featured_media":19328,"comment_status":"open","ping_status":"open","sticky":false,"template":"","format":"standard","meta":{"_joinchat":[],"footnotes":""},"categories":[55],"tags":[],"class_list":{"0":"post-19327","1":"post","2":"type-post","3":"status-publish","4":"format-standard","5":"has-post-thumbnail","7":"category-reconquista"},"_links":{"self":[{"href":"https:\/\/infovera.com.ar\/web\/wp-json\/wp\/v2\/posts\/19327","targetHints":{"allow":["GET"]}}],"collection":[{"href":"https:\/\/infovera.com.ar\/web\/wp-json\/wp\/v2\/posts"}],"about":[{"href":"https:\/\/infovera.com.ar\/web\/wp-json\/wp\/v2\/types\/post"}],"author":[{"embeddable":true,"href":"https:\/\/infovera.com.ar\/web\/wp-json\/wp\/v2\/users\/3"}],"replies":[{"embeddable":true,"href":"https:\/\/infovera.com.ar\/web\/wp-json\/wp\/v2\/comments?post=19327"}],"version-history":[{"count":0,"href":"https:\/\/infovera.com.ar\/web\/wp-json\/wp\/v2\/posts\/19327\/revisions"}],"wp:featuredmedia":[{"embeddable":true,"href":"https:\/\/infovera.com.ar\/web\/wp-json\/wp\/v2\/media\/19328"}],"wp:attachment":[{"href":"https:\/\/infovera.com.ar\/web\/wp-json\/wp\/v2\/media?parent=19327"}],"wp:term":[{"taxonomy":"category","embeddable":true,"href":"https:\/\/infovera.com.ar\/web\/wp-json\/wp\/v2\/categories?post=19327"},{"taxonomy":"post_tag","embeddable":true,"href":"https:\/\/infovera.com.ar\/web\/wp-json\/wp\/v2\/tags?post=19327"}],"curies":[{"name":"wp","href":"https:\/\/api.w.org\/{rel}","templated":true}]}}