{"id":19302,"date":"2021-04-16T17:28:51","date_gmt":"2021-04-16T20:28:51","guid":{"rendered":"https:\/\/infovera.com.ar\/web\/?p=19302"},"modified":"2021-04-16T17:29:31","modified_gmt":"2021-04-16T20:29:31","slug":"prosigue-la-vacunacion-a-personal-de-seguridad","status":"publish","type":"post","link":"https:\/\/infovera.com.ar\/web\/2021\/04\/16\/prosigue-la-vacunacion-a-personal-de-seguridad\/","title":{"rendered":"Prosigue la vacunaci\u00f3n a personal de seguridad"},"content":{"rendered":"<p><strong>\u00a0Se trata de agentes operativos de toda la provincia.<\/strong><\/p>\n<p>El gobierno de la provincia, a trav\u00e9s del Ministerio de Salud y el Ministerio de Seguridad, dieron continuidad este viernes a la vacunacion contra el Covid 19 al personal policial que se encuentra actualmente operativo.<\/p>\n<p>En ese marco, la ministra de Salud, Sonia Martorano detall\u00f3: \u201cTenemos previsto vacunar al total de la fuerza de seguridad que son 20 mil efectivos en total. Comenzamos hace unos meses atr\u00e1s con los que ten\u00edan comorbilidades y en estos momentos estamos con el personal de riesgo que es el que est\u00e1 en la primera l\u00ednea y que en la pandemia estuvo en la calle\u201d.<\/p>\n<p>Asimimo, la titular de la cartera sanitaria asegur\u00f3: \u201cEn esta etapa estamos hablando de vacunar entre 8 mil y 10 mil agentes que empezaron a vacunarse ayer. Hoy tenemos 1.500 turnos asignados y otro tanto ma\u00f1ana; vamos muy r\u00e1pido en este tramo ya que en unos d\u00edas m\u00e1s estar\u00edamos vacunando a unos 500 agentes\u201d.<\/p>\n<div style=\"width: 640px;\" class=\"wp-video\"><video class=\"wp-video-shortcode\" id=\"video-19302-1\" width=\"640\" height=\"360\" preload=\"metadata\" controls=\"controls\"><source type=\"video\/mp4\" src=\"https:\/\/www.santafe.gov.ar\/noticias\/recursos\/videosHD\/2021\/04\/2021-04-16NID_270684O_1.mp4?_=1\" \/><a href=\"https:\/\/www.santafe.gov.ar\/noticias\/recursos\/videosHD\/2021\/04\/2021-04-16NID_270684O_1.mp4\">https:\/\/www.santafe.gov.ar\/noticias\/recursos\/videosHD\/2021\/04\/2021-04-16NID_270684O_1.mp4<\/a><\/video><\/div>\n<p>Por su parte, el subsecretario de Seguridad Preventiva, Diego LLum\u00e1 indic\u00f3 que \u201choy es la primera jornada de vacunaci\u00f3n a personal operativo de las Fuerzas policiales en toda la provincia y hemos definido 3 puntos: Rafaela, Rosario y Santa Fe para aprovechar la infraestructura de vacunaci\u00f3n y sobre ese esquema empezamos a hacerlo\u201d.<\/p>\n<p>\u201cEsta etapa es la que sigue a los que ya se vacunaron que son de riesgo. En tanto que la tercera etapa es para el resto del personal como comisar\u00edas y administraci\u00f3n, y la cuarta etapa aquellos que no pudieron cumplir con el turno establecido y que decidieron a \u00faltimo momento vacunarse\u201d, concluy\u00f3.<\/p>\n<div style=\"width: 640px;\" class=\"wp-video\"><video class=\"wp-video-shortcode\" id=\"video-19302-2\" width=\"640\" height=\"360\" preload=\"metadata\" controls=\"controls\"><source type=\"video\/mp4\" src=\"https:\/\/www.santafe.gov.ar\/noticias\/recursos\/videosHD\/2021\/04\/2021-04-16NID_270684O_2.mp4?_=2\" \/><a href=\"https:\/\/www.santafe.gov.ar\/noticias\/recursos\/videosHD\/2021\/04\/2021-04-16NID_270684O_2.mp4\">https:\/\/www.santafe.gov.ar\/noticias\/recursos\/videosHD\/2021\/04\/2021-04-16NID_270684O_2.mp4<\/a><\/video><\/div>\n","protected":false},"excerpt":{"rendered":"<p>\u00a0Se trata de agentes operativos de toda la provincia. El gobierno de la provincia, a trav\u00e9s del Ministerio de Salud y el Ministerio de Seguridad, dieron continuidad este viernes a la vacunacion contra el Covid 19 al personal policial que se encuentra actualmente operativo. En ese marco, la ministra de Salud, Sonia Martorano detall\u00f3: \u201cTenemos [&hellip;]<\/p>\n","protected":false},"author":3,"featured_media":19304,"comment_status":"open","ping_status":"open","sticky":false,"template":"","format":"standard","meta":{"_joinchat":[],"footnotes":""},"categories":[60],"tags":[],"class_list":{"0":"post-19302","1":"post","2":"type-post","3":"status-publish","4":"format-standard","5":"has-post-thumbnail","7":"category-provinciales"},"_links":{"self":[{"href":"https:\/\/infovera.com.ar\/web\/wp-json\/wp\/v2\/posts\/19302","targetHints":{"allow":["GET"]}}],"collection":[{"href":"https:\/\/infovera.com.ar\/web\/wp-json\/wp\/v2\/posts"}],"about":[{"href":"https:\/\/infovera.com.ar\/web\/wp-json\/wp\/v2\/types\/post"}],"author":[{"embeddable":true,"href":"https:\/\/infovera.com.ar\/web\/wp-json\/wp\/v2\/users\/3"}],"replies":[{"embeddable":true,"href":"https:\/\/infovera.com.ar\/web\/wp-json\/wp\/v2\/comments?post=19302"}],"version-history":[{"count":0,"href":"https:\/\/infovera.com.ar\/web\/wp-json\/wp\/v2\/posts\/19302\/revisions"}],"wp:featuredmedia":[{"embeddable":true,"href":"https:\/\/infovera.com.ar\/web\/wp-json\/wp\/v2\/media\/19304"}],"wp:attachment":[{"href":"https:\/\/infovera.com.ar\/web\/wp-json\/wp\/v2\/media?parent=19302"}],"wp:term":[{"taxonomy":"category","embeddable":true,"href":"https:\/\/infovera.com.ar\/web\/wp-json\/wp\/v2\/categories?post=19302"},{"taxonomy":"post_tag","embeddable":true,"href":"https:\/\/infovera.com.ar\/web\/wp-json\/wp\/v2\/tags?post=19302"}],"curies":[{"name":"wp","href":"https:\/\/api.w.org\/{rel}","templated":true}]}}