{"id":19289,"date":"2021-04-16T12:31:50","date_gmt":"2021-04-16T15:31:50","guid":{"rendered":"https:\/\/infovera.com.ar\/web\/?p=19289"},"modified":"2021-04-16T12:31:50","modified_gmt":"2021-04-16T15:31:50","slug":"para-gobiernos-locales-perotti-dispuso-900-millones-mas-y-cambios-en-el-esquema-de-coparticipacion","status":"publish","type":"post","link":"https:\/\/infovera.com.ar\/web\/2021\/04\/16\/para-gobiernos-locales-perotti-dispuso-900-millones-mas-y-cambios-en-el-esquema-de-coparticipacion\/","title":{"rendered":"Para gobiernos locales: Perotti dispuso $ 900 millones m\u00e1s y cambios en el esquema de coparticipaci\u00f3n"},"content":{"rendered":"<p><strong>El ministro de Econom\u00eda, Walter Agosto, transmiti\u00f3 la decisi\u00f3n del gobernador de la provincia y analiz\u00f3 en detalle el alcance de las medidas que se van a tomar.<\/strong><\/p>\n<p>Agosto inform\u00f3, tras la reuni\u00f3n con Perotti, que en los pr\u00f3ximos d\u00edas se transferir\u00e1n fondos a los gobiernos locales por un monto total de $ 900 millones, de los cuales $ 518 millones refieren a deudas correspondientes a diferencias de coparticipaci\u00f3n y servicios impagos de los Bonos del Consenso Fiscal, que debieron haberse pagado durante los a\u00f1os 2018 y 2019.<\/p>\n<p>El titular de la cartera educativa expres\u00f3 en ese orden, que se transferir\u00e1 a un grupo de 60 municipios $ 334 millones en el marco de la Ley de Financiamiento Educativo, en concepto de inversiones en el sistema educativo que se hayan efectuado en el ejercicio 2020, de acuerdo a lo que establece la ley.<\/p>\n<p>Asimismo, se ha dispuesto la modificaci\u00f3n al r\u00e9gimen de transferencias a Municipios y Comunas de los servicios de los Bonos del Consenso Fiscal, que anteriormente se realizaba en un solo pago a a\u00f1o vencido, para realizarlo de manera mensual, a mes vencido. De esta manera, se estar\u00eda liquidando en los pr\u00f3ximos d\u00edas los montos correspondientes al primer trimestre del corriente a\u00f1o, realiz\u00e1ndose las transferencias de manera mensual a partir del mes de mayo.<\/p>\n<p>Estas medias implican no s\u00f3lo una mejora significativa desde el punto de vista financiero para los municipios y comunas, sino que tambi\u00e9n brinda previsibilidad a los gobiernos locales en la planificaci\u00f3n de sus flujos de recursos, y con ello, a la programaci\u00f3n de sus gastos e inversiones.<\/p>\n<p>Por otro lado, Agosto anunci\u00f3 que el gobierno provincial ha tomado la decisi\u00f3n pol\u00edtica de modificar el r\u00e9gimen de transferencias a los gobiernos locales correspondiente a la Ley de Financiamiento Educativo.<\/p>\n<p>La operatoria hasta el a\u00f1o 2015 consist\u00eda en la transferencia de los fondos recibidos por la provincia a mes vencido. No obstante, en el a\u00f1o 2015 se decidi\u00f3, a trav\u00e9s del Decreto N\u00b0 3975 de noviembre del 2015, la transferencia de los fondos retenidos por la provincia durante el 2015 en 12 cuotas iguales, mensuales y consecutivas a partir de enero del a\u00f1o 2016. Es decir, que durante el 2015 los municipios y comunas de la Provincia no recibieron transferencias por este concepto, sino que las percibieron al a\u00f1o siguiente, en varias cuotas y sin ajuste.<\/p>\n<p>&#8220;Hemos tomado la decisi\u00f3n de restituir a los municipios y comunas lo que les corresponde, estableciendo que a partir del mes de julio del corriente a\u00f1o se remitir\u00e1 de forma mensual, a todos los gobiernos locales, los fondos de la Ley de Financiamiento Educativo correspondiente al a\u00f1o 2021, como siempre debi\u00f3 haber ocurrido&#8221;, expres\u00f3 Agosto.<\/p>\n<p>Con estas medidas, dicen en gobierno, durante el segundo semestre de este a\u00f1o los gobiernos locales percibir\u00e1n la cuota mensual correspondiente al a\u00f1o 2020 y la cuota mensual correspondiente al a\u00f1o 2021, lo que asciende a un monto de 400 millones mensuales.<\/p>\n<p>&nbsp;<\/p>\n","protected":false},"excerpt":{"rendered":"<p>El ministro de Econom\u00eda, Walter Agosto, transmiti\u00f3 la decisi\u00f3n del gobernador de la provincia y analiz\u00f3 en detalle el alcance de las medidas que se van a tomar. Agosto inform\u00f3, tras la reuni\u00f3n con Perotti, que en los pr\u00f3ximos d\u00edas se transferir\u00e1n fondos a los gobiernos locales por un monto total de $ 900 millones, [&hellip;]<\/p>\n","protected":false},"author":3,"featured_media":19290,"comment_status":"open","ping_status":"open","sticky":false,"template":"","format":"standard","meta":{"_joinchat":[],"footnotes":""},"categories":[60],"tags":[],"class_list":{"0":"post-19289","1":"post","2":"type-post","3":"status-publish","4":"format-standard","5":"has-post-thumbnail","7":"category-provinciales"},"_links":{"self":[{"href":"https:\/\/infovera.com.ar\/web\/wp-json\/wp\/v2\/posts\/19289","targetHints":{"allow":["GET"]}}],"collection":[{"href":"https:\/\/infovera.com.ar\/web\/wp-json\/wp\/v2\/posts"}],"about":[{"href":"https:\/\/infovera.com.ar\/web\/wp-json\/wp\/v2\/types\/post"}],"author":[{"embeddable":true,"href":"https:\/\/infovera.com.ar\/web\/wp-json\/wp\/v2\/users\/3"}],"replies":[{"embeddable":true,"href":"https:\/\/infovera.com.ar\/web\/wp-json\/wp\/v2\/comments?post=19289"}],"version-history":[{"count":0,"href":"https:\/\/infovera.com.ar\/web\/wp-json\/wp\/v2\/posts\/19289\/revisions"}],"wp:featuredmedia":[{"embeddable":true,"href":"https:\/\/infovera.com.ar\/web\/wp-json\/wp\/v2\/media\/19290"}],"wp:attachment":[{"href":"https:\/\/infovera.com.ar\/web\/wp-json\/wp\/v2\/media?parent=19289"}],"wp:term":[{"taxonomy":"category","embeddable":true,"href":"https:\/\/infovera.com.ar\/web\/wp-json\/wp\/v2\/categories?post=19289"},{"taxonomy":"post_tag","embeddable":true,"href":"https:\/\/infovera.com.ar\/web\/wp-json\/wp\/v2\/tags?post=19289"}],"curies":[{"name":"wp","href":"https:\/\/api.w.org\/{rel}","templated":true}]}}