{"id":19279,"date":"2021-04-16T11:55:57","date_gmt":"2021-04-16T14:55:57","guid":{"rendered":"https:\/\/infovera.com.ar\/web\/?p=19279"},"modified":"2021-04-18T20:23:35","modified_gmt":"2021-04-18T23:23:35","slug":"balsaretti-padre-cumplira-la-prision-preventiva-en-su-casa-de-canada-ombu","status":"publish","type":"post","link":"https:\/\/infovera.com.ar\/web\/2021\/04\/16\/balsaretti-padre-cumplira-la-prision-preventiva-en-su-casa-de-canada-ombu\/","title":{"rendered":"Balsaretti padre cumplir\u00e1 la prisi\u00f3n preventiva en su casa de Ca\u00f1ada Omb\u00fa"},"content":{"rendered":"<p><strong>Hoy se llev\u00f3 a cabo en horas de la ma\u00f1ana la audiencia de revisi\u00f3n de medida cautelar de Rub\u00e9n Balsaretti, coimputado en la causa de abigeato a gran escala en que la v\u00edctima es el terrateniente Domingo Ianozzi.<\/strong><\/p>\n<p>La misma se sustanci\u00f3 como corolario de la primera audiencia de revisi\u00f3n que tuvo lugar el 31 de marzo pasado donde el Dr. Sixto Gonzalez hab\u00eda argumentado que ante el estado riesgoso de salud de su defendido se hac\u00eda procedente una morigeracion de la prision preventiva en virtud a que el reo \u201cse encuentra en estado de hacinamiento, falta de medicaci\u00f3n e insumi\u00e9ndosele la alimentaci\u00f3n alta en sodio y grasas\u201d.<\/p>\n<p>Es que Balsaretti ven\u00eda de sufrir un doble infarto de miocardio dentro de un cuadro cardiovascular de riesgo severo, conforme dos informes m\u00e9dicos de los doctores Trucco y Bernardi.<\/p>\n<p>En aquella oportunidad, el juez Gonzalo Basualdo hizo lugar al pedido de la defensa con el que estuvo de acuerdo la fiscal\u00eda, aunque dispuso la intervenci\u00f3n m\u00e9dica del forense a la inmediatez posible, para luego dar su dictamen.<\/p>\n<p>El forense se expidi\u00f3 positivamente respecto de los planteos de la defensa y adem\u00e1s se incluy\u00f3 un eco doppler con el estudio del coraz\u00f3n del imputado. Todo ese c\u00famulo de estudios m\u00e9dicos dieron lugar a un cuadro generalizado que dio certezas al juez para resolver la morigeraci\u00f3n de la prisi\u00f3n preventiva, que Balsaretti pasar\u00e1 a cumplir en la modalidad domiciliaria en su domicilio de Ca\u00f1ada Omb\u00fa.<\/p>\n","protected":false},"excerpt":{"rendered":"<p>Hoy se llev\u00f3 a cabo en horas de la ma\u00f1ana la audiencia de revisi\u00f3n de medida cautelar de Rub\u00e9n Balsaretti, coimputado en la causa de abigeato a gran escala en que la v\u00edctima es el terrateniente Domingo Ianozzi. La misma se sustanci\u00f3 como corolario de la primera audiencia de revisi\u00f3n que tuvo lugar el 31 [&hellip;]<\/p>\n","protected":false},"author":3,"featured_media":18664,"comment_status":"open","ping_status":"open","sticky":false,"template":"","format":"standard","meta":{"_joinchat":[],"footnotes":""},"categories":[53],"tags":[],"class_list":{"0":"post-19279","1":"post","2":"type-post","3":"status-publish","4":"format-standard","5":"has-post-thumbnail","7":"category-vera"},"_links":{"self":[{"href":"https:\/\/infovera.com.ar\/web\/wp-json\/wp\/v2\/posts\/19279","targetHints":{"allow":["GET"]}}],"collection":[{"href":"https:\/\/infovera.com.ar\/web\/wp-json\/wp\/v2\/posts"}],"about":[{"href":"https:\/\/infovera.com.ar\/web\/wp-json\/wp\/v2\/types\/post"}],"author":[{"embeddable":true,"href":"https:\/\/infovera.com.ar\/web\/wp-json\/wp\/v2\/users\/3"}],"replies":[{"embeddable":true,"href":"https:\/\/infovera.com.ar\/web\/wp-json\/wp\/v2\/comments?post=19279"}],"version-history":[{"count":0,"href":"https:\/\/infovera.com.ar\/web\/wp-json\/wp\/v2\/posts\/19279\/revisions"}],"wp:featuredmedia":[{"embeddable":true,"href":"https:\/\/infovera.com.ar\/web\/wp-json\/wp\/v2\/media\/18664"}],"wp:attachment":[{"href":"https:\/\/infovera.com.ar\/web\/wp-json\/wp\/v2\/media?parent=19279"}],"wp:term":[{"taxonomy":"category","embeddable":true,"href":"https:\/\/infovera.com.ar\/web\/wp-json\/wp\/v2\/categories?post=19279"},{"taxonomy":"post_tag","embeddable":true,"href":"https:\/\/infovera.com.ar\/web\/wp-json\/wp\/v2\/tags?post=19279"}],"curies":[{"name":"wp","href":"https:\/\/api.w.org\/{rel}","templated":true}]}}