{"id":19276,"date":"2021-04-16T11:45:19","date_gmt":"2021-04-16T14:45:19","guid":{"rendered":"https:\/\/infovera.com.ar\/web\/?p=19276"},"modified":"2021-04-17T12:53:25","modified_gmt":"2021-04-17T15:53:25","slug":"amra-repudio-las-declaraciones-del-presidente-alberto-fernandez","status":"publish","type":"post","link":"https:\/\/infovera.com.ar\/web\/2021\/04\/16\/amra-repudio-las-declaraciones-del-presidente-alberto-fernandez\/","title":{"rendered":"AMRA repudi\u00f3 las declaraciones del presidente Alberto Fern\u00e1ndez"},"content":{"rendered":"<p><strong>El Sindicato de M\u00e9dicos de la Rep\u00fablica Argentina (AMRA) Seccional Santa Fe expres\u00f3 su m\u00e1s en\u00e9rgico repudio a las declaraciones del Presidente de la Naci\u00f3n, Dr. Alberto Fern\u00e1ndez, quien hizo menci\u00f3n acerca de una &#8220;relajacion del sistema de salud&#8221;.<\/strong><\/p>\n<p>El gremi\u00f3 se\u00f1al\u00f3 que &#8220;los profesionales de la salud han estado al frente de la pandemia todo este tiempo, m\u00e1s all\u00e1 incluso de sus obligaciones y responsabilidades. Hemos escrito l\u00edneas y l\u00edneas planteando la necesidad de que el personal de salud sea acompa\u00f1ado en este contexto tan duro, pero a\u00fan as\u00ed jam\u00e1s hemos bajado los brazos. Es m\u00e1s, entre los meses de diciembre y marzo cuando bajaron sensiblemente los casos de Covid positivo, se tuvo que retomar con la atenci\u00f3n de muchos pacientes con patolog\u00edas cr\u00f3nicas muy postergadas, por ende siempre, absolutamente siempre, se prioriz\u00f3 la atenci\u00f3n del paciente dejando de lado la vida personal y familiar, incluso sin licencias, sin vacaciones y trabajando m\u00e1s horas de las que nos correspond\u00eda. Si hay un sector al que no se lo puede cuestionar por relajaci\u00f3n, es justamente el nuestro&#8221;.<\/p>\n<p>Y fustig\u00f3: &#8220;Relajado parece estar el Ejecutivo Nacional, cuando de la ma\u00f1ana a la noche tiene posturas contradictorias entre sus Ministros (salud y educaci\u00f3n) y el Presidente. Relajado tambi\u00e9n estuvo el Gobierno cuando en el propio Ministerio de Salud existi\u00f3 un vacuna vip mientras a\u00fan muchos colegas expuestos en la primera linea de atenci\u00f3n no hab\u00edan sido vacunados&#8221;.<\/p>\n<p>&#8220;Esperamos que el Presidente de la Naci\u00f3n est\u00e9 a la altura de las circunstancias, se rectifiquen con sus dichos y se le de a los profesionales de salud el merecido reconocimento&#8221;, reclam\u00f3.<\/p>\n","protected":false},"excerpt":{"rendered":"<p>El Sindicato de M\u00e9dicos de la Rep\u00fablica Argentina (AMRA) Seccional Santa Fe expres\u00f3 su m\u00e1s en\u00e9rgico repudio a las declaraciones del Presidente de la Naci\u00f3n, Dr. Alberto Fern\u00e1ndez, quien hizo menci\u00f3n acerca de una &#8220;relajacion del sistema de salud&#8221;. El gremi\u00f3 se\u00f1al\u00f3 que &#8220;los profesionales de la salud han estado al frente de la pandemia [&hellip;]<\/p>\n","protected":false},"author":3,"featured_media":19277,"comment_status":"open","ping_status":"open","sticky":false,"template":"","format":"standard","meta":{"_joinchat":[],"footnotes":""},"categories":[27],"tags":[],"class_list":{"0":"post-19276","1":"post","2":"type-post","3":"status-publish","4":"format-standard","5":"has-post-thumbnail","7":"category-gremiales"},"_links":{"self":[{"href":"https:\/\/infovera.com.ar\/web\/wp-json\/wp\/v2\/posts\/19276","targetHints":{"allow":["GET"]}}],"collection":[{"href":"https:\/\/infovera.com.ar\/web\/wp-json\/wp\/v2\/posts"}],"about":[{"href":"https:\/\/infovera.com.ar\/web\/wp-json\/wp\/v2\/types\/post"}],"author":[{"embeddable":true,"href":"https:\/\/infovera.com.ar\/web\/wp-json\/wp\/v2\/users\/3"}],"replies":[{"embeddable":true,"href":"https:\/\/infovera.com.ar\/web\/wp-json\/wp\/v2\/comments?post=19276"}],"version-history":[{"count":0,"href":"https:\/\/infovera.com.ar\/web\/wp-json\/wp\/v2\/posts\/19276\/revisions"}],"wp:featuredmedia":[{"embeddable":true,"href":"https:\/\/infovera.com.ar\/web\/wp-json\/wp\/v2\/media\/19277"}],"wp:attachment":[{"href":"https:\/\/infovera.com.ar\/web\/wp-json\/wp\/v2\/media?parent=19276"}],"wp:term":[{"taxonomy":"category","embeddable":true,"href":"https:\/\/infovera.com.ar\/web\/wp-json\/wp\/v2\/categories?post=19276"},{"taxonomy":"post_tag","embeddable":true,"href":"https:\/\/infovera.com.ar\/web\/wp-json\/wp\/v2\/tags?post=19276"}],"curies":[{"name":"wp","href":"https:\/\/api.w.org\/{rel}","templated":true}]}}