{"id":19272,"date":"2021-04-16T11:42:15","date_gmt":"2021-04-16T14:42:15","guid":{"rendered":"https:\/\/infovera.com.ar\/web\/?p=19272"},"modified":"2021-04-17T12:53:51","modified_gmt":"2021-04-17T15:53:51","slug":"perotti-se-reunio-con-intendentes-presidentes-comunales-y-el-comite-de-expertos-de-la-provincia-video","status":"publish","type":"post","link":"https:\/\/infovera.com.ar\/web\/2021\/04\/16\/perotti-se-reunio-con-intendentes-presidentes-comunales-y-el-comite-de-expertos-de-la-provincia-video\/","title":{"rendered":"Perotti se reuni\u00f3 con intendentes, presidentes comunales y el Comit\u00e9 de Expertos de la provincia (video)"},"content":{"rendered":"<p><strong>El objetivo fue analizar la situaci\u00f3n de Santa Fe frente a la segunda ola de la pandemia. \u201cEl grado de responsabilidad con el que cada uno asuma esta situaci\u00f3n, nos dar\u00e1 la posibilidad de mantener el mayor nivel de actividad\u201d, afirm\u00f3 el gobernador.\u00a0<\/strong><\/p>\n<p>El gobernador Omar Perotti encabez\u00f3 este jueves, reuniones de trabajo con intendentes y presidentes comunales, y con el Comit\u00e9 de Expertos provincial. El objetivo fue analizar la situaci\u00f3n sanitaria de la provincia frente a la segunda ola de la pandemia del Covid-19. En la oportunidad, Perotti asegur\u00f3 que \u201cuna nueva caracter\u00edstica es la velocidad con la que suben los contagios y con la que se da en lugares habitualmente sin casos o con pocos casos. Nosotros vamos a sostener las medidas que tomamos el 9 de abril para ir midiendo su impacto y continuar con el dictado de clases en forma presencial\u201d.<\/p>\n<p>El gobernador se\u00f1al\u00f3 que \u201cestamos teniendo un crecimiento r\u00e1pido de utilizaci\u00f3n de camas en zonas donde en la primera ola no tuvimos. Ah\u00ed volvemos a un tema central: c\u00f3mo disminuimos el ritmo de contagio. Todos sabemos la receta, es con menor movilidad, evitar las aglomeraciones, el uso correcto del barbijo, el distanciamiento, el agua y jab\u00f3n y el alcohol; no hay secretos\u201d.<\/p>\n<p>M\u00e1s adelante, Perotti sostuvo que \u201ctenemos por delante la instancia de resguardar el n\u00famero de camas y eso conlleva a un cuidado en cada una de nuestras comunas y municipalidades. Del grado de responsabilidad que asuma cada uno es donde tendremos la posibilidad de mantener el mayor nivel de actividad con m\u00e1s horas. Caso contrario, donde se desborden estas situaciones tendremos que volver a tomar algunas medidas de restricciones horarias primero, y ojal\u00e1 no, de actividades productivas\u201d, enfatiz\u00f3 el mandatario.<\/p>\n<p>El gobernador de la provincia hizo hincapi\u00e9 en los controles. \u00a0En ese sentido, Perotti expres\u00f3: \u201cNecesitamos ejercer las acciones de contralor sobre la movilidad en cada uno de los lugares. Los intendentes y presidentes comunales est\u00e1n facultados para las acciones de control de cada uno de los protocolos y participar en los Samcos locales en las campa\u00f1as de testeos\u201d. Al respecto asegur\u00f3 que se se fortalecer\u00e1 la cantidad de los test para que \u201ctodos los pueblos y cudades los tengan\u201d.<\/p>\n<p>Asimismo, remarc\u00f3 que \u201cel impacto depende de nosotros, de la actitud que tenga la poblaci\u00f3n, de las acciones de persuasi\u00f3n, de convencimiento y de control que nosotros podamos estar haciendo. De aqu\u00ed en m\u00e1s tenemos que tener una fuerte presencia en lo territorial para garantizar las instancias de control\u201d.<\/p>\n<div style=\"width: 640px;\" class=\"wp-video\"><video class=\"wp-video-shortcode\" id=\"video-19272-1\" width=\"640\" height=\"360\" preload=\"metadata\" controls=\"controls\"><source type=\"video\/mp4\" src=\"https:\/\/www.santafe.gov.ar\/noticias\/recursos\/videosHD\/2021\/04\/2021-04-15NID_270680O_1.mp4?_=1\" \/><a href=\"https:\/\/www.santafe.gov.ar\/noticias\/recursos\/videosHD\/2021\/04\/2021-04-15NID_270680O_1.mp4\">https:\/\/www.santafe.gov.ar\/noticias\/recursos\/videosHD\/2021\/04\/2021-04-15NID_270680O_1.mp4<\/a><\/video><\/div>\n<p><strong>RECURSOS A LAS LOCALIDADES Y ESCUELAS ABIERTAS<\/strong><\/p>\n<p>En ese punto, el gobernador anunci\u00f3 que se van a \u201casignar m\u00e1s de 160 millones de pesos, para que cada uno de los municipios y comunas pueda realizar las distintas acciones de prevenci\u00f3n, control y testeos en lo que tenga que ver con los aislamientos y del cumplimiento de protocolos de cada una de las actividades\u201d.<\/p>\n<p>Por otra parte, Perotti se refiri\u00f3 a la presencialidad en las escuelas y afirm\u00f3 que \u201cse trabaja con la apertura de los establecimientos educativos y por eso la decisi\u00f3n, que algunos nos cuestionaron, de vacunar a todos los docentes. Esa decisi\u00f3n tiene que ver con todos los beneficios que nos da trabajar con los ni\u00f1os, ni\u00f1as y adolescentes en la escuela y tomando plena lectura de las dificultades que eso origin\u00f3 y el impacto en un a\u00f1o sin presencialidad\u201d.<\/p>\n<p>\u201cNecesitamos m\u00e1s que nunca un sistema de salud motivado, comprometido, como estuvo hasta aqu\u00ed, y con las sugerencias y aportes de cada uno de ustedes\u201d, finaliz\u00f3 el gobernador.<\/p>\n<p><strong>COVID M\u00c1S CONTAGIOSO Y AGRESIVO<\/strong><\/p>\n<p>Por su parte, la ministra de Salud, Sonia Martorano, explic\u00f3 que en las reuniones \u201canalizamos los diferentes indicadores, la incidencia y los departamentos en rojo, que hoy pr\u00e1cticamente pintaron toda la provincia. Esto muestra un nivel alto de contagiosidad, una r\u00e1pida progresi\u00f3n y, sobre todo y lo que m\u00e1s nos preocupa, es la agresividad que vemos de este Covid en esta segunda ola\u201d.<\/p>\n<p>Por \u00faltimo, la ministra destac\u00f3 y reconoci\u00f3 \u201ca todo el equipo de salud, a todos los agentes que conforman este gran colectivo de la salud p\u00fablica y privada. Durante todo este tiempo fueron los ejecutores de todas las pol\u00edticas para llevar adelante con gran esfuerzo los buenos resultados que pudimos lograr, donde todos los santafesinos y santafesinas fueron atendidos\u201d.<\/p>\n<p><strong>SITUACI\u00d3N SANITARIA<\/strong><\/p>\n<p>Los expertos provinciales destacaron, frente a esta segunda ola, que el promedio de edad de los pacientes intubados y con asistencia respiratoria es de 58 a\u00f1os, pero el espectro es de pacientes entre 45 y 70 a\u00f1os. Es decir, personas menores de 70 a\u00f1os.<\/p>\n<p>En cuanto a la agresividad, los expertos destacaron que las im\u00e1genes que est\u00e1n viendo en las tomograf\u00edas y radiograf\u00edas hablan de una r\u00e1pida progresi\u00f3n, con una capacidad de accionar negativo sobre los pulmones y el organismo de esos pacientes.<\/p>\n<p><strong>PRESENTES<\/strong><\/p>\n<p>Participaron del encuentro, el ministro de Gesti\u00f3n P\u00fablica, Marcos Corach; los secretarios de Salud, Jorge Prieto, y de Fortalecimiento Institucional, Jos\u00e9 Luis Freyre; y el subsecretario de Comunas, Carlos Kaufman.<\/p>\n","protected":false},"excerpt":{"rendered":"<p>El objetivo fue analizar la situaci\u00f3n de Santa Fe frente a la segunda ola de la pandemia. \u201cEl grado de responsabilidad con el que cada uno asuma esta situaci\u00f3n, nos dar\u00e1 la posibilidad de mantener el mayor nivel de actividad\u201d, afirm\u00f3 el gobernador.\u00a0 El gobernador Omar Perotti encabez\u00f3 este jueves, reuniones de trabajo con intendentes [&hellip;]<\/p>\n","protected":false},"author":3,"featured_media":19274,"comment_status":"open","ping_status":"open","sticky":false,"template":"","format":"standard","meta":{"_joinchat":[],"footnotes":""},"categories":[60],"tags":[],"class_list":{"0":"post-19272","1":"post","2":"type-post","3":"status-publish","4":"format-standard","5":"has-post-thumbnail","7":"category-provinciales"},"_links":{"self":[{"href":"https:\/\/infovera.com.ar\/web\/wp-json\/wp\/v2\/posts\/19272","targetHints":{"allow":["GET"]}}],"collection":[{"href":"https:\/\/infovera.com.ar\/web\/wp-json\/wp\/v2\/posts"}],"about":[{"href":"https:\/\/infovera.com.ar\/web\/wp-json\/wp\/v2\/types\/post"}],"author":[{"embeddable":true,"href":"https:\/\/infovera.com.ar\/web\/wp-json\/wp\/v2\/users\/3"}],"replies":[{"embeddable":true,"href":"https:\/\/infovera.com.ar\/web\/wp-json\/wp\/v2\/comments?post=19272"}],"version-history":[{"count":0,"href":"https:\/\/infovera.com.ar\/web\/wp-json\/wp\/v2\/posts\/19272\/revisions"}],"wp:featuredmedia":[{"embeddable":true,"href":"https:\/\/infovera.com.ar\/web\/wp-json\/wp\/v2\/media\/19274"}],"wp:attachment":[{"href":"https:\/\/infovera.com.ar\/web\/wp-json\/wp\/v2\/media?parent=19272"}],"wp:term":[{"taxonomy":"category","embeddable":true,"href":"https:\/\/infovera.com.ar\/web\/wp-json\/wp\/v2\/categories?post=19272"},{"taxonomy":"post_tag","embeddable":true,"href":"https:\/\/infovera.com.ar\/web\/wp-json\/wp\/v2\/tags?post=19272"}],"curies":[{"name":"wp","href":"https:\/\/api.w.org\/{rel}","templated":true}]}}