{"id":19269,"date":"2021-04-15T19:45:44","date_gmt":"2021-04-15T22:45:44","guid":{"rendered":"https:\/\/infovera.com.ar\/web\/?p=19269"},"modified":"2021-04-15T19:45:44","modified_gmt":"2021-04-15T22:45:44","slug":"fallecio-un-ex-presidente-de-acinorsa-justo-en-el-dia-internacional-del-ciclista","status":"publish","type":"post","link":"https:\/\/infovera.com.ar\/web\/2021\/04\/15\/fallecio-un-ex-presidente-de-acinorsa-justo-en-el-dia-internacional-del-ciclista\/","title":{"rendered":"Falleci\u00f3 un ex presidente de ACINORSA , justo en el D\u00eda Internacional del Ciclista"},"content":{"rendered":"<p><strong>Falleci\u00f3 Ignacio Montoya.<\/strong><\/p>\n<p>Vaya paradoja .. nos dej\u00f3 f\u00edsicamente el D\u00eda del Ciclista.<\/p>\n<p>Ser\u00e1 recordado en el ambiente del ciclismo por su gran capacidad de gesti\u00f3n.<\/p>\n<p>Tambi\u00e9n por su hombr\u00eda de bien y por sus valores.<\/p>\n<p>Fue presidente de A.Ci.Nor.Sa. (Asociaci\u00f3n Ciclistica del Noreste Santafesino) durante muchos a\u00f1os.<\/p>\n<p>Dej\u00f3 un legado &#8230; un camino a seguir &#8230; descansa en paz doctor.<\/p>\n<p>Fuente: Reconquista Deportes<\/p>\n<p>&nbsp;<\/p>\n","protected":false},"excerpt":{"rendered":"<p>Falleci\u00f3 Ignacio Montoya. Vaya paradoja .. nos dej\u00f3 f\u00edsicamente el D\u00eda del Ciclista. Ser\u00e1 recordado en el ambiente del ciclismo por su gran capacidad de gesti\u00f3n. Tambi\u00e9n por su hombr\u00eda de bien y por sus valores. Fue presidente de A.Ci.Nor.Sa. (Asociaci\u00f3n Ciclistica del Noreste Santafesino) durante muchos a\u00f1os. Dej\u00f3 un legado &#8230; un camino a [&hellip;]<\/p>\n","protected":false},"author":3,"featured_media":19270,"comment_status":"open","ping_status":"open","sticky":false,"template":"","format":"standard","meta":{"_joinchat":[],"footnotes":""},"categories":[31],"tags":[],"class_list":{"0":"post-19269","1":"post","2":"type-post","3":"status-publish","4":"format-standard","5":"has-post-thumbnail","7":"category-deportes"},"_links":{"self":[{"href":"https:\/\/infovera.com.ar\/web\/wp-json\/wp\/v2\/posts\/19269","targetHints":{"allow":["GET"]}}],"collection":[{"href":"https:\/\/infovera.com.ar\/web\/wp-json\/wp\/v2\/posts"}],"about":[{"href":"https:\/\/infovera.com.ar\/web\/wp-json\/wp\/v2\/types\/post"}],"author":[{"embeddable":true,"href":"https:\/\/infovera.com.ar\/web\/wp-json\/wp\/v2\/users\/3"}],"replies":[{"embeddable":true,"href":"https:\/\/infovera.com.ar\/web\/wp-json\/wp\/v2\/comments?post=19269"}],"version-history":[{"count":0,"href":"https:\/\/infovera.com.ar\/web\/wp-json\/wp\/v2\/posts\/19269\/revisions"}],"wp:featuredmedia":[{"embeddable":true,"href":"https:\/\/infovera.com.ar\/web\/wp-json\/wp\/v2\/media\/19270"}],"wp:attachment":[{"href":"https:\/\/infovera.com.ar\/web\/wp-json\/wp\/v2\/media?parent=19269"}],"wp:term":[{"taxonomy":"category","embeddable":true,"href":"https:\/\/infovera.com.ar\/web\/wp-json\/wp\/v2\/categories?post=19269"},{"taxonomy":"post_tag","embeddable":true,"href":"https:\/\/infovera.com.ar\/web\/wp-json\/wp\/v2\/tags?post=19269"}],"curies":[{"name":"wp","href":"https:\/\/api.w.org\/{rel}","templated":true}]}}