{"id":19264,"date":"2021-04-15T19:20:30","date_gmt":"2021-04-15T22:20:30","guid":{"rendered":"https:\/\/infovera.com.ar\/web\/?p=19264"},"modified":"2021-04-15T19:20:30","modified_gmt":"2021-04-15T22:20:30","slug":"desde-el-sabado-comenzaran-a-vacunar-a-policias-de-calle-en-la-provincia-de-santa-fe","status":"publish","type":"post","link":"https:\/\/infovera.com.ar\/web\/2021\/04\/15\/desde-el-sabado-comenzaran-a-vacunar-a-policias-de-calle-en-la-provincia-de-santa-fe\/","title":{"rendered":"Desde el s\u00e1bado comenzar\u00e1n a vacunar a polic\u00edas de calle en la provincia de Santa Fe"},"content":{"rendered":"<p><strong>Se trata de unos cuatro mil efectivos que realizan tareas operativas, esencialmente, en las ciudades de Santa Fe y Rosario. Hasta el momento, s\u00f3lo hab\u00edan sido inoculados los agentes que estaban de licencia por padecer comorbilidades. &#8220;Ya era casi un ruego&#8221;, dijo Jorge Lagna.<\/strong><\/p>\n<p>El ministro de Seguridad, Jorge Lagna, anunci\u00f3 que a partir del pr\u00f3ximo s\u00e1bado comenzar\u00e1n a vacunar a los efectivos policiales de la provincia; se iniciar\u00e1 el operativo con el personal de calle.<\/p>\n<p>&#8220;Esto era casi un ruego ya&#8221;, confes\u00f3 el funcionario, quien en reiteradas ocasiones hab\u00eda reclamado que los agentes de seguridad fuesen inoculados, teniendo en cuenta que se encuentran expuestos y en la primera l\u00ednea de batalla desde que comenz\u00f3 la pandemia.<\/p>\n<p>Hasta el momento, s\u00f3lo hab\u00edan recibido la primera dosis los efectivos que por pertenecer a grupos de riesgo, se encontraban de licencia. All\u00ed se inclu\u00edan agentes de entre 18 y 59 a\u00f1os, con comorbilidades. En esa situaci\u00f3n se encontraban unos 480 agentes; de ellos, 250 correspond\u00edan a la Unidad Regional I.<\/p>\n<p>Seg\u00fan adelantaron fuentes de la cartera sanitaria a El Litoral, se trata de aproximadamente &#8220;cuatro mil&#8221; uniformados, esencialmente de Santa Fe y Rosario, que desde el fin de semana comenzar\u00e1n a recibir la primera dosis. Ya empezaron a ser &#8220;turnados&#8221; y ser\u00e1n inoculados en los centros vacunatorios de las principales ciudades.<\/p>\n<p>En tanto, no hay novedades a\u00fan sobre el personal del Servicio Penitenciario de la provincia.<\/p>\n<p>Fuente: El Litoral<\/p>\n","protected":false},"excerpt":{"rendered":"<p>Se trata de unos cuatro mil efectivos que realizan tareas operativas, esencialmente, en las ciudades de Santa Fe y Rosario. Hasta el momento, s\u00f3lo hab\u00edan sido inoculados los agentes que estaban de licencia por padecer comorbilidades. &#8220;Ya era casi un ruego&#8221;, dijo Jorge Lagna. El ministro de Seguridad, Jorge Lagna, anunci\u00f3 que a partir del [&hellip;]<\/p>\n","protected":false},"author":3,"featured_media":19267,"comment_status":"open","ping_status":"open","sticky":false,"template":"","format":"standard","meta":{"_joinchat":[],"footnotes":""},"categories":[60],"tags":[],"class_list":{"0":"post-19264","1":"post","2":"type-post","3":"status-publish","4":"format-standard","5":"has-post-thumbnail","7":"category-provinciales"},"_links":{"self":[{"href":"https:\/\/infovera.com.ar\/web\/wp-json\/wp\/v2\/posts\/19264","targetHints":{"allow":["GET"]}}],"collection":[{"href":"https:\/\/infovera.com.ar\/web\/wp-json\/wp\/v2\/posts"}],"about":[{"href":"https:\/\/infovera.com.ar\/web\/wp-json\/wp\/v2\/types\/post"}],"author":[{"embeddable":true,"href":"https:\/\/infovera.com.ar\/web\/wp-json\/wp\/v2\/users\/3"}],"replies":[{"embeddable":true,"href":"https:\/\/infovera.com.ar\/web\/wp-json\/wp\/v2\/comments?post=19264"}],"version-history":[{"count":0,"href":"https:\/\/infovera.com.ar\/web\/wp-json\/wp\/v2\/posts\/19264\/revisions"}],"wp:featuredmedia":[{"embeddable":true,"href":"https:\/\/infovera.com.ar\/web\/wp-json\/wp\/v2\/media\/19267"}],"wp:attachment":[{"href":"https:\/\/infovera.com.ar\/web\/wp-json\/wp\/v2\/media?parent=19264"}],"wp:term":[{"taxonomy":"category","embeddable":true,"href":"https:\/\/infovera.com.ar\/web\/wp-json\/wp\/v2\/categories?post=19264"},{"taxonomy":"post_tag","embeddable":true,"href":"https:\/\/infovera.com.ar\/web\/wp-json\/wp\/v2\/tags?post=19264"}],"curies":[{"name":"wp","href":"https:\/\/api.w.org\/{rel}","templated":true}]}}