{"id":19240,"date":"2021-04-15T10:56:53","date_gmt":"2021-04-15T13:56:53","guid":{"rendered":"https:\/\/infovera.com.ar\/web\/?p=19240"},"modified":"2021-04-15T10:56:53","modified_gmt":"2021-04-15T13:56:53","slug":"cantero-la-prioridad-es-mantener-el-vinculo-presencial-video","status":"publish","type":"post","link":"https:\/\/infovera.com.ar\/web\/2021\/04\/15\/cantero-la-prioridad-es-mantener-el-vinculo-presencial-video\/","title":{"rendered":"Cantero: \u201cLa prioridad es mantener el v\u00ednculo presencial\u201d (video)"},"content":{"rendered":"<p><strong>La ministra Andriana Cantero particip\u00f3 del Consejo Federal de Educaci\u00f3n.<\/strong><\/p>\n<p>La ministra de Educaci\u00f3n, Adriana Cantero, brind\u00f3 una ronda de prensa, luego de la Asamblea N\u00b0104 del Consejo Federal de Educaci\u00f3n (CFE) que se llev\u00f3 adelante en forma virtual con las ministras y ministros de todo el pa\u00eds, y donde se evalu\u00f3 el estado de situaci\u00f3n del retorno a la presencialidad a nivel federal.<\/p>\n<p>Respecto del desarrollo del CFE, la ministra Cantero expres\u00f3: \u201cHemos mantenido una reuni\u00f3n del Consejo Federal ampliado, con presencia de la representaci\u00f3n de todos los sindicatos docentes, donde no solo se realiz\u00f3 un an\u00e1lisis de la situaci\u00f3n cr\u00edtica desde el punto de vista epidemiol\u00f3gico y su vinculaci\u00f3n con la presencialidad, sino tambi\u00e9n con la planificaci\u00f3n de las tareas del a\u00f1o lectivo 2021, pensando entre todos una escuela que se va dise\u00f1ando a pesar de la incertidumbre del d\u00eda a d\u00eda\u201d.<\/p>\n<p>En ese sentido, Adriana Cantero asegur\u00f3: \u201cVamos a trabajar todos los sistemas educativos del pa\u00eds en la retenci\u00f3n de los chicos que fragilizaron sus trayectorias educativas, en el acompa\u00f1amiento y el seguimiento de las mismas, y en multiplicidad de acciones poniendo la lupa en el modelo de la escuela secundaria. Del mismo se aprobaron planes de capacitaci\u00f3n del Instituto Nacional de Formaci\u00f3n Docente (INFOD) y protocolos de comedores escolares, servicios alimentarios, de escuelas albergues y para la educaci\u00f3n superior&#8221;.<\/p>\n<p>Y agreg\u00f3: \u201cDebatimos sobre la necesidad de establecer criterios frente a la eventualidad de necesitar aplicar alguna restricci\u00f3n mayor, siempre pensando en la temporalidad y siempre pensando en que la prioridad es mantener el v\u00ednculo presencial\u201d.<\/p>\n<p>En ese marco, la ministra se\u00f1al\u00f3 que: \u201cNo hay un incremento significativo en el porcentaje de contagio de ni\u00f1as y ni\u00f1os; lo que va creciendo son las situaciones de detecci\u00f3n de casos en la escuela y eso tiene que ver con el crecimiento que se produce en toda la comunidad. Lo que tambi\u00e9n se comprueba en todo el territorio nacional es que los contagios no se producen en la escuela porque sigue siendo un lugar cuidado, si se aplican los protocolos, pero obviamente si no nos cuidamos afuera de la escuela, esos casos repercuten en la vida institucional educativa\u201d.<\/p>\n<p>Asimismo, la funcionaria manifest\u00f3 que \u201cel protocolo est\u00e1 consensuado y est\u00e1 pensado precisamente para sostener una actividad educativa posible en un tiempo de pandemia como el que tenemos por lo tanto hay que adherir y comprometerse con ese protocolo. En el Consejo Federal hemos ratificado el cuidado de la presencialidad todo lo que sea posible y si en alg\u00fan momento las autoridades sanitarias indican en alguna comunidad una mayor restricci\u00f3n que involucre la vida escolar, se tomar\u00e1 esa decisi\u00f3n en ese momento y focalizadamente, porque ustedes recordar\u00e1n que nuestro dispositivo dice que una de las caracter\u00edsticas es ser flexible, es decir estar dispuestos a cerrar y abrir conforme la curva epidemiol\u00f3gica vaya poniendo condiciones pero esa va a seguir siendo siempre una decisi\u00f3n sanitaria y no pedag\u00f3gica\u201d.<\/p>\n<p>\u201cEn este momento, la actividad de la escuela no ha sido el detonante del crecimiento, ahora tambi\u00e9n entendemos que la actividad escolar incrementa los desplazamientos y si esos desplazamientos entran en relaci\u00f3n con otras variables que acrecientan el riesgo, en el momento en que nuestras autoridades sanitarias digan que esta combinaci\u00f3n requiere una restricci\u00f3n, estaremos dispuestos a aportar el acompa\u00f1amiento del cuidado m\u00e1s intensivo que se proponga\u201d, consider\u00f3 Cantero.<\/p>\n<p><strong>VACUNACI\u00d3N DOCENTE<\/strong><\/p>\n<p>Sobre el plan de vacunaci\u00f3n para docentes, la ministra de Educaci\u00f3n indic\u00f3: \u201cHoy les puedo anticipar que estamos finalizando en esta semana la vacunaci\u00f3n de los docentes registrados con voluntad de ser vacunados y quiero decirles que va a ser la primer provincia que culmine con esa meta; si bien hay otras provincias que vienen avanzando tambi\u00e9n con un 80% aproximadamente, nosotros estamos esta semana con m\u00e1s del 90% de vacunaci\u00f3n del sector que manifest\u00f3 voluntad de ser vacunado\u201d.<\/p>\n<p>M\u00e1s adelante, la ministra de Educaci\u00f3n explicit\u00f3 el funcionamiento de los servicios alimentarios mencionando que \u201cla semana pasada ya hemos comunicado la apertura del servicio de Copa de Leche y para el servicio de comedor vamos a continuar con los m\u00f3dulos alimentarios. Al respecto ya est\u00e1n las instrucciones en cada una de las escuelas la verdad que est\u00e1 en consonancia con lo que hoy se aprob\u00f3 como protocolo para todo el pa\u00eds del servicio alimentario\u201d.<\/p>\n<p>Para finalizar, Adriana Cantero se refiri\u00f3 a todo el trabajo previo en la infraestructura edilicia indicando que \u201cvamos avanzando permanentemente en las refacciones, hicimos un gran trabajo en estos meses que pasaron pero seguimos atendiendo los requerimientos de las escuelas para ponerlas en condiciones y estamos trabajando tambi\u00e9n con el Ministerio de Infraestructura, en el dise\u00f1o de lo que ser\u00edan las escuelas pospandemia\u201d.<\/p>\n","protected":false},"excerpt":{"rendered":"<p>La ministra Andriana Cantero particip\u00f3 del Consejo Federal de Educaci\u00f3n. La ministra de Educaci\u00f3n, Adriana Cantero, brind\u00f3 una ronda de prensa, luego de la Asamblea N\u00b0104 del Consejo Federal de Educaci\u00f3n (CFE) que se llev\u00f3 adelante en forma virtual con las ministras y ministros de todo el pa\u00eds, y donde se evalu\u00f3 el estado de [&hellip;]<\/p>\n","protected":false},"author":3,"featured_media":19241,"comment_status":"open","ping_status":"open","sticky":false,"template":"","format":"standard","meta":{"_joinchat":[],"footnotes":""},"categories":[60],"tags":[],"class_list":{"0":"post-19240","1":"post","2":"type-post","3":"status-publish","4":"format-standard","5":"has-post-thumbnail","7":"category-provinciales"},"_links":{"self":[{"href":"https:\/\/infovera.com.ar\/web\/wp-json\/wp\/v2\/posts\/19240","targetHints":{"allow":["GET"]}}],"collection":[{"href":"https:\/\/infovera.com.ar\/web\/wp-json\/wp\/v2\/posts"}],"about":[{"href":"https:\/\/infovera.com.ar\/web\/wp-json\/wp\/v2\/types\/post"}],"author":[{"embeddable":true,"href":"https:\/\/infovera.com.ar\/web\/wp-json\/wp\/v2\/users\/3"}],"replies":[{"embeddable":true,"href":"https:\/\/infovera.com.ar\/web\/wp-json\/wp\/v2\/comments?post=19240"}],"version-history":[{"count":0,"href":"https:\/\/infovera.com.ar\/web\/wp-json\/wp\/v2\/posts\/19240\/revisions"}],"wp:featuredmedia":[{"embeddable":true,"href":"https:\/\/infovera.com.ar\/web\/wp-json\/wp\/v2\/media\/19241"}],"wp:attachment":[{"href":"https:\/\/infovera.com.ar\/web\/wp-json\/wp\/v2\/media?parent=19240"}],"wp:term":[{"taxonomy":"category","embeddable":true,"href":"https:\/\/infovera.com.ar\/web\/wp-json\/wp\/v2\/categories?post=19240"},{"taxonomy":"post_tag","embeddable":true,"href":"https:\/\/infovera.com.ar\/web\/wp-json\/wp\/v2\/tags?post=19240"}],"curies":[{"name":"wp","href":"https:\/\/api.w.org\/{rel}","templated":true}]}}