{"id":19226,"date":"2021-04-15T10:18:21","date_gmt":"2021-04-15T13:18:21","guid":{"rendered":"https:\/\/infovera.com.ar\/web\/?p=19226"},"modified":"2021-04-16T12:07:32","modified_gmt":"2021-04-16T15:07:32","slug":"aprobaron-el-proyecto-de-sumemos-esfuerzos-para-ripiar-el-acceso-a-ogilvie","status":"publish","type":"post","link":"https:\/\/infovera.com.ar\/web\/2021\/04\/15\/aprobaron-el-proyecto-de-sumemos-esfuerzos-para-ripiar-el-acceso-a-ogilvie\/","title":{"rendered":"Aprobaron el proyecto de Sumemos Esfuerzos para ripiar el acceso a Ogilvie"},"content":{"rendered":"<p><strong>En la sesi\u00f3n semanal, el Concejo dio tratamiento y resoluci\u00f3n a los proyectos presentados por el bloque Sumemos Esfuerzos.<\/strong><\/p>\n<p><strong>\u25a0RIPIO PARA EL INGRESO A OGILVIE<\/strong><\/p>\n<p>Proyecto de Comunicaci\u00f3n solicitando al Ejecutivo la colocaci\u00f3n de ripio en el acceso principal al paraje Ogilvie. Esta obra mejorar\u00eda notablemente tener un ingreso directo a la escuela, al destacamento policial y al centro comunitario y tambi\u00e9n significar\u00eda un acceso seguro para los pobladores de dicho lugar. (Aprobado por unanimidad y elevado al Ejecutivo para su concreci\u00f3n)<\/p>\n<p><strong>\u25a0AMPLIACI\u00d3N DE ZONA URBANA<\/strong><\/p>\n<p>Proyecto de Ordenanza solicitando la ampliaci\u00f3n de los l\u00edmites de zona urbana en el sector noreste de la ciudad desde la interseccion de las calles Allende Lezama y Rosario hasta la intersecci\u00f3n de Allende Lezama y Ruta Provincial N\u00b03. La misma tiene como fin permitir la incorporaci\u00f3n de un basto sector de la ciudad donde ya est\u00e1n afincados vecinos. Adem\u00e1s esta medida les permitiria ampliar el acceso a los servicios p\u00fablicos b\u00e1sicos. (No aprobado. Votos positivo para que pase a comisi\u00f3n Tedini &#8211; Barbona &#8211; Rodr\u00edguez. Votos negativos rechazado el proyecto: Lugo &#8211; Ferraris &#8211; Pastore. Desempate el doble voto negativo de Lugo)<\/p>\n<p><strong>\u25a0MEJORAS DEL RIPIADO E ILUMINACION EN CALLE LA RIOJA<\/strong><\/p>\n<p>Proyecto de comunicaci\u00f3n que acompa\u00f1a una nota enviada por los trabajadores el CAPS San Mart\u00edn de Porres, solicitando la mejora del ripio de Calle La Rioja desde Soldado G\u00f3mez hasta San Mart\u00edn, como as\u00ed tambi\u00e9n mejorar la iluminaci\u00f3n de todo este trayecto a fin de mejorar la seguridad nocturna de vecinos, trabajadores y transe\u00fantes. (Aprobado por unanimidad. Elevado al Ejecutivo para su concreci\u00f3n)<\/p>\n<p><strong>\u25a0ILUMINACI\u00d3N CALLE ALDERETE MENDEZ<\/strong><\/p>\n<p>Proyecto de Comunicaci\u00f3n solicitando el pedido de iluminaci\u00f3n en calle Alderete Mendez entre Soldado Gomez y Rivadavia. El mismo se fundamenta en los peligros de transitabilidad e inseguridad que los vecinos manifiestan para quienes viven o transitan por el lugar. (Aprobado por unanimidad. Elevado al Ejecutivo para su concreci\u00f3n)<\/p>\n<p><strong>\u25a0MEJORAS E ILUMINACI\u00d3N EN CALLE MENDOZA<\/strong><\/p>\n<p>Proyecto de Comunicaci\u00f3n solicitando la limpieza de calle La Rioja entre Soldado G\u00f3mez y Sambarino. As\u00ed tambi\u00e9n los vecinos solicitan mejora en la iluminaci\u00f3n. (Aprobado por unanimidad. Elevado al Ejecutivo para su concreci\u00f3n)<\/p>\n","protected":false},"excerpt":{"rendered":"<p>En la sesi\u00f3n semanal, el Concejo dio tratamiento y resoluci\u00f3n a los proyectos presentados por el bloque Sumemos Esfuerzos. \u25a0RIPIO PARA EL INGRESO A OGILVIE Proyecto de Comunicaci\u00f3n solicitando al Ejecutivo la colocaci\u00f3n de ripio en el acceso principal al paraje Ogilvie. Esta obra mejorar\u00eda notablemente tener un ingreso directo a la escuela, al destacamento [&hellip;]<\/p>\n","protected":false},"author":3,"featured_media":18879,"comment_status":"open","ping_status":"open","sticky":false,"template":"","format":"standard","meta":{"_joinchat":[],"footnotes":""},"categories":[53],"tags":[],"class_list":{"0":"post-19226","1":"post","2":"type-post","3":"status-publish","4":"format-standard","5":"has-post-thumbnail","7":"category-vera"},"_links":{"self":[{"href":"https:\/\/infovera.com.ar\/web\/wp-json\/wp\/v2\/posts\/19226","targetHints":{"allow":["GET"]}}],"collection":[{"href":"https:\/\/infovera.com.ar\/web\/wp-json\/wp\/v2\/posts"}],"about":[{"href":"https:\/\/infovera.com.ar\/web\/wp-json\/wp\/v2\/types\/post"}],"author":[{"embeddable":true,"href":"https:\/\/infovera.com.ar\/web\/wp-json\/wp\/v2\/users\/3"}],"replies":[{"embeddable":true,"href":"https:\/\/infovera.com.ar\/web\/wp-json\/wp\/v2\/comments?post=19226"}],"version-history":[{"count":0,"href":"https:\/\/infovera.com.ar\/web\/wp-json\/wp\/v2\/posts\/19226\/revisions"}],"wp:featuredmedia":[{"embeddable":true,"href":"https:\/\/infovera.com.ar\/web\/wp-json\/wp\/v2\/media\/18879"}],"wp:attachment":[{"href":"https:\/\/infovera.com.ar\/web\/wp-json\/wp\/v2\/media?parent=19226"}],"wp:term":[{"taxonomy":"category","embeddable":true,"href":"https:\/\/infovera.com.ar\/web\/wp-json\/wp\/v2\/categories?post=19226"},{"taxonomy":"post_tag","embeddable":true,"href":"https:\/\/infovera.com.ar\/web\/wp-json\/wp\/v2\/tags?post=19226"}],"curies":[{"name":"wp","href":"https:\/\/api.w.org\/{rel}","templated":true}]}}