{"id":19145,"date":"2021-04-13T11:28:09","date_gmt":"2021-04-13T14:28:09","guid":{"rendered":"https:\/\/infovera.com.ar\/web\/?p=19145"},"modified":"2021-04-13T11:28:09","modified_gmt":"2021-04-13T14:28:09","slug":"costamagna-presentamos-un-programa-de-financiamiento-para-el-sector-productivo-que-no-tiene-precedentes-en-la-provincia","status":"publish","type":"post","link":"https:\/\/infovera.com.ar\/web\/2021\/04\/13\/costamagna-presentamos-un-programa-de-financiamiento-para-el-sector-productivo-que-no-tiene-precedentes-en-la-provincia\/","title":{"rendered":"Costamagna: \u201cPresentamos un Programa de financiamiento para el sector productivo que no tiene precedentes en la provincia\u201d"},"content":{"rendered":"<p><strong>El ministro de Producci\u00f3n, Ciencia y Tecnolog\u00eda destac\u00f3 que se busca generar arraigo, empleo e inclusi\u00f3n, aumentar la productividad y transformar cereales en alimentos.<\/strong><\/p>\n<p>Esta semana el gobernador Omar Perotti firm\u00f3 en Buenos Aires un convenio con el Banco Naci\u00f3n a partir del cual se instrumentar\u00e1 un hist\u00f3rico financiamiento a los sectores productivos de la provincia en el marco del Programa \u201cSanta Fe de Pie\u201d. El acuerdo prev\u00e9 la implementaci\u00f3n de un mecanismo de bonificaci\u00f3n de la tasa de inter\u00e9s, a cargo de la provincia, en los cr\u00e9ditos otorgados por el Banco y el monto total del fondo para destinar cr\u00e9ditos ser\u00e1 de 26.500 millones de pesos.<\/p>\n<p>Al respecto, el ministro de Producci\u00f3n, Ciencia y Tecnolog\u00eda, Daniel Costamagna indic\u00f3: \u201cPresentamos un Programa de Financiamiento que no tiene precedentes en la provincia de Santa Fe, no s\u00f3lo por el monto de 26.500 millones de pesos, sino tambi\u00e9n por la particularidad del financiamiento, que tiene que ver con generaci\u00f3n de arraigo y empleo, con la inclusi\u00f3n, con el aumento de la productividad, de la tecnolog\u00eda, con la fabricaci\u00f3n de alimentos, con productos de calidad y con la consecuencia de alcanzar m\u00e1s y mejores mercados internacionales. Estos cr\u00e9ditos est\u00e1n dirigidos a aquellos productores y empresas que transforman los cereales en alimentos. Hablamos de quienes normalmente no acceden a estas tasas, que le dan una vuelta de rosca a la agricultura, a la ganader\u00eda y a la industria. Ah\u00ed radica el esp\u00edritu del Programa. Por eso tambi\u00e9n agregamos una l\u00ednea espec\u00edfica para equipamiento hidrovial, justamente porque estamos enfocados en desarrollar los caminos de la ruralidad, que refuerzan esa idea de arraigo y la mejora de la calidad de vida de la gente que trabaja en el campo y habita nuestros pueblos\u201d.<\/p>\n<p>Los sectores beneficiados ser\u00e1n el agropecuario, legumbres, miel, frutihort\u00edcola y acu\u00edcolas; lechero y arrocero; ganadero, porcino y av\u00edcola; Industria y Servicio; y obras hidroviales. En tanto que enumerando los criterios de elegibilidad para acceder a menores tasas, el ministro indic\u00f3: \u201cEstamos ponderando aquellas iniciativas que tengan participaci\u00f3n de las mujeres, que avancen en el asesoramiento t\u00e9cnico, que trabajen en cuestiones vinculadas al cuidado del medio ambiente, en la rotaci\u00f3n de cultivos de cobertura, en la aplicaci\u00f3n de fertilizantes, al manejo sanitario, a los controles lecheros, al bienestar animal, al an\u00e1lisis de suelo y agua, al manejo silvopastoril y al manejo agroecol\u00f3gico u org\u00e1nico\u201d.<\/p>\n<p>\u201cEn definitiva, estamos hablando de un Programa que atiende la diversidad productiva que tiene esta provincia, que tiene que ver con la frutihorticultura, con los proyectos forestales y de apicultura; con la producci\u00f3n caprina u ovina. A todas estas cuestiones se les suma el entramado industrial, todo lo que son las naves y galpones industriales, las cuestiones vinculadas a la incorporaci\u00f3n de tecnolog\u00eda en los procesos industriales, sectores que tambi\u00e9n contar\u00e1n con una l\u00ednea crediticia espec\u00edfica\u201d, agreg\u00f3.<\/p>\n<p>Costamagna afirm\u00f3 que \u201csin lugar a dudas, es una inversi\u00f3n importante de la Provincia, que est\u00e1 dirigida a aquellos que producen y los que generan empleo\u201d. Al mismo tiempo, el ministro se refiri\u00f3 a las tasas con las bonificaciones, \u201cque llegan hasta el 16% en pesos en inversiones y al 20% en lo que tiene que ver con capital de trabajo, con plazos acordes a los ciclos productivos\u201d.<\/p>\n<p>Asimismo, brindando m\u00e1s detalles de las l\u00edneas, inform\u00f3: \u201cEn el caso de las inversiones con plazos de hasta cinco a\u00f1os con seis meses de gracia, en el caso del capital de trabajo son de 18 meses. Todos estos cr\u00e9ditos fueron dise\u00f1ados, articulados y estudiados en funci\u00f3n a cada caracter\u00edstica de cada sector. Por lo tanto, creo que estamos ante una herramienta sustancial en cuanto al desarrollo, crecimiento y a la transformaci\u00f3n de la producci\u00f3n de alimentos\u201d.<\/p>\n","protected":false},"excerpt":{"rendered":"<p>El ministro de Producci\u00f3n, Ciencia y Tecnolog\u00eda destac\u00f3 que se busca generar arraigo, empleo e inclusi\u00f3n, aumentar la productividad y transformar cereales en alimentos. Esta semana el gobernador Omar Perotti firm\u00f3 en Buenos Aires un convenio con el Banco Naci\u00f3n a partir del cual se instrumentar\u00e1 un hist\u00f3rico financiamiento a los sectores productivos de la [&hellip;]<\/p>\n","protected":false},"author":3,"featured_media":19147,"comment_status":"open","ping_status":"open","sticky":false,"template":"","format":"standard","meta":{"_joinchat":[],"footnotes":""},"categories":[60],"tags":[],"class_list":{"0":"post-19145","1":"post","2":"type-post","3":"status-publish","4":"format-standard","5":"has-post-thumbnail","7":"category-provinciales"},"_links":{"self":[{"href":"https:\/\/infovera.com.ar\/web\/wp-json\/wp\/v2\/posts\/19145","targetHints":{"allow":["GET"]}}],"collection":[{"href":"https:\/\/infovera.com.ar\/web\/wp-json\/wp\/v2\/posts"}],"about":[{"href":"https:\/\/infovera.com.ar\/web\/wp-json\/wp\/v2\/types\/post"}],"author":[{"embeddable":true,"href":"https:\/\/infovera.com.ar\/web\/wp-json\/wp\/v2\/users\/3"}],"replies":[{"embeddable":true,"href":"https:\/\/infovera.com.ar\/web\/wp-json\/wp\/v2\/comments?post=19145"}],"version-history":[{"count":0,"href":"https:\/\/infovera.com.ar\/web\/wp-json\/wp\/v2\/posts\/19145\/revisions"}],"wp:featuredmedia":[{"embeddable":true,"href":"https:\/\/infovera.com.ar\/web\/wp-json\/wp\/v2\/media\/19147"}],"wp:attachment":[{"href":"https:\/\/infovera.com.ar\/web\/wp-json\/wp\/v2\/media?parent=19145"}],"wp:term":[{"taxonomy":"category","embeddable":true,"href":"https:\/\/infovera.com.ar\/web\/wp-json\/wp\/v2\/categories?post=19145"},{"taxonomy":"post_tag","embeddable":true,"href":"https:\/\/infovera.com.ar\/web\/wp-json\/wp\/v2\/tags?post=19145"}],"curies":[{"name":"wp","href":"https:\/\/api.w.org\/{rel}","templated":true}]}}