{"id":19136,"date":"2021-04-13T11:25:24","date_gmt":"2021-04-13T14:25:24","guid":{"rendered":"https:\/\/infovera.com.ar\/web\/?p=19136"},"modified":"2021-04-13T11:25:24","modified_gmt":"2021-04-13T14:25:24","slug":"fein-y-estevez-proponen-un-socialismo-fuerte-y-autonomo-de-cara-a-las-internas","status":"publish","type":"post","link":"https:\/\/infovera.com.ar\/web\/2021\/04\/13\/fein-y-estevez-proponen-un-socialismo-fuerte-y-autonomo-de-cara-a-las-internas\/","title":{"rendered":"Fein y Est\u00e9vez proponen un socialismo fuerte y aut\u00f3nomo de cara a las internas"},"content":{"rendered":"<p><strong>El partido de la rosa va a elecciones el pr\u00f3ximo domingo. Ambos dirigentes encabezan el espacio \u201cSocialismo en Movimiento\u201d a nivel nacional y en Santa Fe, respectivamente. \u201cQueremos construir una alternativa que saque a la Argentina de esta polarizaci\u00f3n da\u00f1ina\u201d, resumi\u00f3 la exintendenta de Rosario.<\/strong><\/p>\n<p>De cara a la interna del Partido Socialista (PS) del pr\u00f3ximo 18 de abril, la exintendenta de Rosario, M\u00f3nica Fein, y el diputado nacional, Enrique Est\u00e9vez, recorrieron diferentes localidades de la provincia y mantuvieron decenas de reuniones virtuales con afiliadas y afiliados, en sus roles de candidatos a presidenta nacional del partido, y secretario General de Santa Fe, respectivamente, por el espacio \u201cSocialismo en Movimiento\u201d, que cuenta con el aval de los exgobernadores Miguel Lifschitz y Antonio Bonfatti.<\/p>\n<p>\u201cLo que quiere hacer el socialismo es tener una voz m\u00e1s fuerte a nivel nacional, renovar sus propuestas, tener autonom\u00eda para salir de una polarizaci\u00f3n que es da\u00f1ina para la sociedad, y plantear un proyecto de futuro, que genere una mejor oportunidad para todos y todas\u201d, resumi\u00f3 Fein.<\/p>\n<p>\u201cEl Socialismo en Movimiento es un proyecto colectivo, con lo mejor que hemos hecho, lo mejor de nuestra historia, pero tambi\u00e9n con las pibas y los pibes. Queremos ser una propuesta de igualdad y futuro para los argentinos y argentinas\u201d, dijo la exintendenta de Rosario, tras la presentaci\u00f3n en la lista en la ciudad de Santa Fe.<\/p>\n<p><strong>Alternativa a la grieta<\/strong><\/p>\n<p>En coincidencia, Est\u00e9vez plante\u00f3: \u201cTrabajamos por un partido aut\u00f3nomo, que se constituya como una alternativa a la grieta, necesita lo mejor de nuestra historia y la fuerza de las juventudes\u201d.<\/p>\n<p>\u201cEl Socialismo en Santa Fe es uno de los principales partidos pol\u00edticos, por eso lo tenemos que seguir fortaleciendo\u201d, manifest\u00f3 el legislador santafesino, y a\u00f1adi\u00f3: \u201cPor eso construimos esta propuesta de lista que tiene una fuerte visi\u00f3n territorial, que expresa trayectoria en el socialismo, pero tambi\u00e9n renovaci\u00f3n\u201d.<\/p>\n<p>\u201cEn un pa\u00eds donde la grieta quiere llevarse por delante todo tipo de pensamiento serio, responsable y constructivo, el Partido Socialista tiene doble deber; el de seguir generando pol\u00edticas de inclusi\u00f3n y de construcci\u00f3n de m\u00e1s oportunidades, y el de procurar el di\u00e1logo y el consenso\u201d, manifest\u00f3 el diputado nacional.<\/p>\n<p>\u201dSocialismo en Movimiento\u201d<\/p>\n<p>A nivel nacional, M\u00f3nica Fein esta acompa\u00f1ada por dirigentes de 15 federaciones, entre ellos el diputado provincial juje\u00f1o Ramiro Tiz\u00f3n; la exdiputada nacional, Mar\u00eda Elena Barbagelatta; el intendente de Cosqu\u00edn, Gabriel Musso; el referente LGBTI, Esteban Paul\u00f3n, entre otros.<\/p>\n<p>En Santa Fe, la lista para la Junta Ejecutiva Provincial, encabezada por Est\u00e9vez, se completa con: Laura Mondino, Rub\u00e9n Galassi, Ver\u00f3nica Irizar, Pablo Far\u00edas, Rosana Belatti, Joaqu\u00edn Blanco, \u00c9rica Hynes, Esteban Lenci, Laura Corgniali, Leandro Suarez Aufranc, Lionella Cattalini, Gonzalo Cristini, Roxana Collaud, Amadeo Bazzoni, Sergio Palermo, Clara Garc\u00eda, Mariano Cuvertino, Sof\u00eda Baravalle, Pablo Tomat, Camila Mosset Iturraspe, Carlos Dolce, Ver\u00f3nica Devia, Gerardo Attolini, Pamela Rocchi, Ezequiel Ruani, Varinia Drisun, Guillermo Gorosito, Silvia Virili y Anselmo Zapata.<\/p>\n<p>En tanto, se proponen a Gisel Mahmud como candidata a la presidencia de la Juventud Socialista, y a Juan Carlos Zabalza como candidato a representante ante el Consejo Federal.<\/p>\n","protected":false},"excerpt":{"rendered":"<p>El partido de la rosa va a elecciones el pr\u00f3ximo domingo. Ambos dirigentes encabezan el espacio \u201cSocialismo en Movimiento\u201d a nivel nacional y en Santa Fe, respectivamente. \u201cQueremos construir una alternativa que saque a la Argentina de esta polarizaci\u00f3n da\u00f1ina\u201d, resumi\u00f3 la exintendenta de Rosario. De cara a la interna del Partido Socialista (PS) del [&hellip;]<\/p>\n","protected":false},"author":3,"featured_media":19143,"comment_status":"open","ping_status":"open","sticky":false,"template":"","format":"standard","meta":{"_joinchat":[],"footnotes":""},"categories":[1],"tags":[],"class_list":{"0":"post-19136","1":"post","2":"type-post","3":"status-publish","4":"format-standard","5":"has-post-thumbnail","7":"category-sin-categoria"},"_links":{"self":[{"href":"https:\/\/infovera.com.ar\/web\/wp-json\/wp\/v2\/posts\/19136","targetHints":{"allow":["GET"]}}],"collection":[{"href":"https:\/\/infovera.com.ar\/web\/wp-json\/wp\/v2\/posts"}],"about":[{"href":"https:\/\/infovera.com.ar\/web\/wp-json\/wp\/v2\/types\/post"}],"author":[{"embeddable":true,"href":"https:\/\/infovera.com.ar\/web\/wp-json\/wp\/v2\/users\/3"}],"replies":[{"embeddable":true,"href":"https:\/\/infovera.com.ar\/web\/wp-json\/wp\/v2\/comments?post=19136"}],"version-history":[{"count":0,"href":"https:\/\/infovera.com.ar\/web\/wp-json\/wp\/v2\/posts\/19136\/revisions"}],"wp:featuredmedia":[{"embeddable":true,"href":"https:\/\/infovera.com.ar\/web\/wp-json\/wp\/v2\/media\/19143"}],"wp:attachment":[{"href":"https:\/\/infovera.com.ar\/web\/wp-json\/wp\/v2\/media?parent=19136"}],"wp:term":[{"taxonomy":"category","embeddable":true,"href":"https:\/\/infovera.com.ar\/web\/wp-json\/wp\/v2\/categories?post=19136"},{"taxonomy":"post_tag","embeddable":true,"href":"https:\/\/infovera.com.ar\/web\/wp-json\/wp\/v2\/tags?post=19136"}],"curies":[{"name":"wp","href":"https:\/\/api.w.org\/{rel}","templated":true}]}}