{"id":19035,"date":"2021-04-10T20:12:56","date_gmt":"2021-04-10T23:12:56","guid":{"rendered":"https:\/\/infovera.com.ar\/web\/?p=19035"},"modified":"2021-04-12T12:45:30","modified_gmt":"2021-04-12T15:45:30","slug":"un-ex-policia-rural-vino-a-visitar-a-su-hijo-preso-se-descompenso-y-murio","status":"publish","type":"post","link":"https:\/\/infovera.com.ar\/web\/2021\/04\/10\/un-ex-policia-rural-vino-a-visitar-a-su-hijo-preso-se-descompenso-y-murio\/","title":{"rendered":"Un ex polic\u00eda rural terminaba de visitar a su hijo preso cuando se descompens\u00f3 y muri\u00f3"},"content":{"rendered":"<p><strong>Jos\u00e9 Luis &#8220;El Cabez\u00f3n&#8221; Segovia falleci\u00f3 esta tarde.<\/strong><\/p>\n<p>En la tarde de hoy fallecio el subdirector de Polic\u00eda retirado de la Guardia Rural &#8220;Los Pumas&#8221;, Jos\u00e9 Luis Segovia, conocido con el apodo de &#8220;El Cabez\u00f3n&#8221;.<\/p>\n<p>En circunstancias de finalizar la visita de su hijo, detenido en la alcaid\u00eda de la Unidad Regional XIX, se descompens\u00f3 gravemente.<\/p>\n<p>Personal policial le realiz\u00f3 maniobras de reanimaci\u00f3n card\u00edaca hasta la llegada de una ambulancia con el m\u00e9dico de guardia.<\/p>\n<p>Pero maniobras de RCP fueron infructuosas y no lograron reanimarlo.<\/p>\n<p>Segovia fue era muy conocido en el \u00e1mbito policial, fue durante a\u00f1os jefe de la Divisi\u00f3n Judicial de &#8220;Los Pumas&#8221;.<\/p>\n<p>Su presencia en el centro de detenci\u00f3n de la Unidad Regional XIX se debi\u00f3 a la visita familiar a su hijo, del mismo apellido, preso e imputado por el abuso sexual de su hijastra.<\/p>\n","protected":false},"excerpt":{"rendered":"<p>Jos\u00e9 Luis &#8220;El Cabez\u00f3n&#8221; Segovia falleci\u00f3 esta tarde. En la tarde de hoy fallecio el subdirector de Polic\u00eda retirado de la Guardia Rural &#8220;Los Pumas&#8221;, Jos\u00e9 Luis Segovia, conocido con el apodo de &#8220;El Cabez\u00f3n&#8221;. En circunstancias de finalizar la visita de su hijo, detenido en la alcaid\u00eda de la Unidad Regional XIX, se descompens\u00f3 [&hellip;]<\/p>\n","protected":false},"author":3,"featured_media":0,"comment_status":"open","ping_status":"open","sticky":false,"template":"","format":"standard","meta":{"_joinchat":[],"footnotes":""},"categories":[53],"tags":[],"class_list":{"0":"post-19035","1":"post","2":"type-post","3":"status-publish","4":"format-standard","6":"category-vera"},"_links":{"self":[{"href":"https:\/\/infovera.com.ar\/web\/wp-json\/wp\/v2\/posts\/19035","targetHints":{"allow":["GET"]}}],"collection":[{"href":"https:\/\/infovera.com.ar\/web\/wp-json\/wp\/v2\/posts"}],"about":[{"href":"https:\/\/infovera.com.ar\/web\/wp-json\/wp\/v2\/types\/post"}],"author":[{"embeddable":true,"href":"https:\/\/infovera.com.ar\/web\/wp-json\/wp\/v2\/users\/3"}],"replies":[{"embeddable":true,"href":"https:\/\/infovera.com.ar\/web\/wp-json\/wp\/v2\/comments?post=19035"}],"version-history":[{"count":0,"href":"https:\/\/infovera.com.ar\/web\/wp-json\/wp\/v2\/posts\/19035\/revisions"}],"wp:attachment":[{"href":"https:\/\/infovera.com.ar\/web\/wp-json\/wp\/v2\/media?parent=19035"}],"wp:term":[{"taxonomy":"category","embeddable":true,"href":"https:\/\/infovera.com.ar\/web\/wp-json\/wp\/v2\/categories?post=19035"},{"taxonomy":"post_tag","embeddable":true,"href":"https:\/\/infovera.com.ar\/web\/wp-json\/wp\/v2\/tags?post=19035"}],"curies":[{"name":"wp","href":"https:\/\/api.w.org\/{rel}","templated":true}]}}