{"id":18972,"date":"2021-04-09T07:25:55","date_gmt":"2021-04-09T10:25:55","guid":{"rendered":"https:\/\/infovera.com.ar\/web\/?p=18972"},"modified":"2021-04-09T19:07:03","modified_gmt":"2021-04-09T22:07:03","slug":"perotti-presidio-la-inauguracion-del-paseo-de-las-artes","status":"publish","type":"post","link":"https:\/\/infovera.com.ar\/web\/2021\/04\/09\/perotti-presidio-la-inauguracion-del-paseo-de-las-artes\/","title":{"rendered":"Perotti presidi\u00f3 la inauguraci\u00f3n del &#8220;Paseo de las Artes&#8221;"},"content":{"rendered":"<p><strong>El gobernador de la provincia encabez\u00f3 el acto que dej\u00f3 habilitada la obra.<\/strong><\/p>\n<p style=\"font-weight: 400;\">El gobernador Omar Perotti fue recibido por la intendente Paula Mitre y el acto comenz\u00f3 con la invocaci\u00f3n religiosa y bendici\u00f3n del lugar a cargo del p\u00e1rroco Carlos Degiusti.<\/p>\n<p style=\"font-weight: 400;\">Fue la jefa de gobierno quien tuvo a su cargo las palabras de bienvenida aclarando sobre \u201cla buena administraci\u00f3n de los recursos que solo deb\u00edan ser destinados a esta obra\u201d.<\/p>\n<p style=\"font-weight: 400;\">Destac\u00f3 \u201cel enorme m\u00e9rito de los empleados municipales que trabajaron en la obra, del equipo t\u00e9cnico encabezado por el arquitecto Rub\u00e9n Lapissonde y el invalorable aporte del inspirado grupo de artistas verenses que se encarg\u00f3 de angalanarla\u201d.<\/p>\n<p style=\"font-weight: 400;\">\u201cEsta obra, que se completar\u00e1 en el futuro con otras expresiones art\u00edsticas, es una prueba de lo que puede lograrse cuando los gobiernos trabajan en forma mancomunada, cuando saltamos grietas, superamos antinomias y egos para gestionar priorizando el inter\u00e9s de la gente. Es un ejemplo que debemos seguir para realizar las obras del futuro\u201d, se\u00f1al\u00f3.<\/p>\n<p style=\"font-weight: 400;\">Seguidamente el gobernador Omar Perotti se dirigi\u00f3 a la comunidad diciendo que ven\u00eda \u201ca cumplir con un compromiso que ten\u00edamos con la intendente de acompa\u00f1arla en esta inauguraci\u00f3n porque sabemos lo que significa realizar una obra y ponerla a disposici\u00f3n de los vecinos, ganando espacios para que la gente lo vea de otra manera y pueda imaginar instancias de creaciones futuras\u201d.<\/p>\n<p style=\"font-weight: 400;\">Sum\u00f3 tambi\u00e9n sus felicitaciones \u201cpor la intervenci\u00f3n art\u00edstica que engalana el paseo que, seguramente, pasar\u00e1 a ser una referencia y motivo de encuentro para todos los verenses\u201d.<\/p>\n<p style=\"font-weight: 400;\">\u201cSeguiremos brindando apoyo para la realizaci\u00f3n de obras concretas porque cada aporte que la provincia hace a sus municipios y comunas, lo hacemos convencidos de la necesidad de forjar una cultura distinta que es el apoyo a cada uno de nuestros pueblos\u201d, agreg\u00f3.<\/p>\n<p style=\"font-weight: 400;\">El cierre del acto fue con el corte de cintas por parte del gobernador Omar Perotti, la intendente Paula Mitre, la ministra de Infraestructura Silvina Frana, el ministro de Cultura Jorge Llonch, el senador Osvaldo Sosa y el diputado Ariel Bermudez.<\/p>\n<p style=\"font-weight: 400;\">El acto cont\u00f3 con la presencia del administrador de Vialidad Provincial Oscar Ceschi, integrantes del gobierno local, el intendente de Calchaqu\u00ed, Rub\u00e9n Cuello, presidentes comunales, representantes de las fuerzas de seguridad e invitados especiales, y debido a las restricciones impuestas por la pandemia las personas que se llegaron al lugar pudieron participar a la distancia y lo que optaron por quedarse en su casa lo siguieron a trav\u00e9s de las redes sociales y la televisi\u00f3n local que lo transmiti\u00f3 en directo.<\/p>\n<p style=\"font-weight: 400;\">El \u201cPaseo de las Artes\u201d est\u00e1 destinado a conformar un espacio donde puedan expresarse todas las disciplinas art\u00edsticas de la ciudad y la regi\u00f3n.<\/p>\n<p style=\"font-weight: 400;\">Se compone, en general, de un paseo recreativo, expositor y laboral, con muestras de esculturas, pintura, fotograf\u00eda, literatura y artesan\u00edas, m\u00e1s un teatro a cielo abierto donde podr\u00e1n expresarse la danza, el canto, la cinematograf\u00eda y tambi\u00e9n ser\u00e1 un \u00e1mbito adecuado para los encuentros sociales.<\/p>\n<p style=\"font-weight: 400;\">Vera es una ciudad ubicada estrat\u00e9gicamente en el centro norte de la provincia y pretende, con esta obra, tener una herramienta para el desarrollo en sus m\u00faltiples expresiones que definan su perfil de identidad, que la represente y proyecte, tanto a nivel provincial como nacional.<\/p>\n<p>Letyana Press<\/p>\n","protected":false},"excerpt":{"rendered":"<p>El gobernador de la provincia encabez\u00f3 el acto que dej\u00f3 habilitada la obra. El gobernador Omar Perotti fue recibido por la intendente Paula Mitre y el acto comenz\u00f3 con la invocaci\u00f3n religiosa y bendici\u00f3n del lugar a cargo del p\u00e1rroco Carlos Degiusti. Fue la jefa de gobierno quien tuvo a su cargo las palabras de [&hellip;]<\/p>\n","protected":false},"author":3,"featured_media":18973,"comment_status":"open","ping_status":"open","sticky":false,"template":"","format":"standard","meta":{"_joinchat":[],"footnotes":""},"categories":[53],"tags":[],"class_list":{"0":"post-18972","1":"post","2":"type-post","3":"status-publish","4":"format-standard","5":"has-post-thumbnail","7":"category-vera"},"_links":{"self":[{"href":"https:\/\/infovera.com.ar\/web\/wp-json\/wp\/v2\/posts\/18972","targetHints":{"allow":["GET"]}}],"collection":[{"href":"https:\/\/infovera.com.ar\/web\/wp-json\/wp\/v2\/posts"}],"about":[{"href":"https:\/\/infovera.com.ar\/web\/wp-json\/wp\/v2\/types\/post"}],"author":[{"embeddable":true,"href":"https:\/\/infovera.com.ar\/web\/wp-json\/wp\/v2\/users\/3"}],"replies":[{"embeddable":true,"href":"https:\/\/infovera.com.ar\/web\/wp-json\/wp\/v2\/comments?post=18972"}],"version-history":[{"count":0,"href":"https:\/\/infovera.com.ar\/web\/wp-json\/wp\/v2\/posts\/18972\/revisions"}],"wp:featuredmedia":[{"embeddable":true,"href":"https:\/\/infovera.com.ar\/web\/wp-json\/wp\/v2\/media\/18973"}],"wp:attachment":[{"href":"https:\/\/infovera.com.ar\/web\/wp-json\/wp\/v2\/media?parent=18972"}],"wp:term":[{"taxonomy":"category","embeddable":true,"href":"https:\/\/infovera.com.ar\/web\/wp-json\/wp\/v2\/categories?post=18972"},{"taxonomy":"post_tag","embeddable":true,"href":"https:\/\/infovera.com.ar\/web\/wp-json\/wp\/v2\/tags?post=18972"}],"curies":[{"name":"wp","href":"https:\/\/api.w.org\/{rel}","templated":true}]}}