{"id":18935,"date":"2021-04-07T19:39:42","date_gmt":"2021-04-07T22:39:42","guid":{"rendered":"https:\/\/infovera.com.ar\/web\/?p=18935"},"modified":"2021-04-07T19:39:42","modified_gmt":"2021-04-07T22:39:42","slug":"la-justicia-mando-al-tacho-un-contrato-que-le-aseguraba-a-vicentin-ingresos-anuales-por-hasta-usd-100-millones","status":"publish","type":"post","link":"https:\/\/infovera.com.ar\/web\/2021\/04\/07\/la-justicia-mando-al-tacho-un-contrato-que-le-aseguraba-a-vicentin-ingresos-anuales-por-hasta-usd-100-millones\/","title":{"rendered":"La Justicia mand\u00f3 al tacho un contrato que le aseguraba a Vicentin ingresos anuales por hasta USD 100 millones"},"content":{"rendered":"<p><strong>Es como consecuencia de un nuevo rev\u00e9s judicial que recibi\u00f3 la cerealera rosarina D\u00edaz &amp; Forti. Igual, la agroexportadora con sede en Avellaneda se las viene ingeniando para reemplazar a quien fuera su respirador artificial en 2020.<\/strong><\/p>\n<p>La cerealera rosarina D\u00edaz &amp; Forti (D&amp;F) recibi\u00f3 un nuevo rev\u00e9s judicial en su intento por volver a operar en el mercado de granos, \u00e1mbito en el que se encuentra suspendido tras una investigaci\u00f3n del Banco Central que denunci\u00f3 la falta de liquidaci\u00f3n de divisas por 450 millones de d\u00f3lares. En el marco de su convocatoria de acreedores, el juez Marcelo Quiroga rechaz\u00f3 una serie de medidas cautelares solicitadas por la firma al inicio del proceso concursal, donde ped\u00eda que el magistrado interviniera ante el Ministerio de Agricultura para levantar las sanciones que le impiden formar parte del Registro de Operadores del Mercado de Granos (Ruca). La empresa qued\u00f3 as\u00ed al borde de una crisis terminal, ya que hab\u00eda elevado el pedido a Quiroga como una especie de bala de plata, luego de infructuosas gestiones pol\u00edticas en diversos \u00e1mbitos.<\/p>\n<p>La ca\u00edda de D&amp;F deja muertos los contratos de fas\u00f3n que hab\u00eda firmado en 2020 con Vicentin, mediante los cuales se proyectaban ingresos para la defaulteada agroexportadora por entre 80 y 100 millones de d\u00f3lares. M\u00e1s all\u00e1 de este rev\u00e9s, la resoluci\u00f3n Quiroga no tom\u00f3 desprevenida a la empresa con sede en Avellaneda, que igual ya viene comunicando que tiene con qu\u00e9 reemplazar a la cerealera rosarina. De hecho, desde hace varias semanas viene operando con la Asociaci\u00f3n de Cooperativas Argentinas (ACA), Uni\u00f3n Agr\u00edcola de Avellaneda (UAA) y Molinos Agro. En estos tres casos se trata siempre de acuerdos temporales, que se hab\u00edan suscripto a la espera de la resoluci\u00f3n sobre el caso de la cerealera rosarina, por lo que habr\u00e1 que esperar si Vicentin logra extenderlos en el tiempo -lo que parece previsibile-.<\/p>\n<p>Am\u00e9n del reciente rev\u00e9s, D&amp;F tiene a\u00fan algunas alternativas a la mano (todas de dif\u00edcil concreci\u00f3n) para volver al ruedo. Adem\u00e1s de apelar el fallo puede solicitar a Quiroga que le permita continuar con sus contratos de fas\u00f3n con la agroexportadora, aunque para ello necesariamente debe abonar la deuda que mantiene con ella, que hoy asciende a 8,5 millones de d\u00f3lares. Ninguno de los actores consultados por este medio se inclina por esta opci\u00f3n, ya que, por una parte, es dif\u00edcil que cuente con esa liquidez; y por otra, a\u00fan permanece bloqueado para operar en el mercado.<\/p>\n<p><strong>Qu\u00e9 dijo la Justicia<\/strong><\/p>\n<p>La resoluci\u00f3n en la que se desestiman las medidas cautelares solicitadas por la cerealera rosarina consta de 11 p\u00e1ginas. \u201cLa materia involucrada es federal y de \u00edndole penal cambiaria (&#8230;). Siendo ello as\u00ed, este Juzgado no resulta competente para despachar las medidas cautelares requeridas\u201d, esgrimi\u00f3 Quiroga, quien hizo un racconto del derrotero judicial de la empresa, que a principios de marzo ya hab\u00eda obtenido un rev\u00e9s por parte del Juzgado Federal N\u00b0 3 de Rosario.<\/p>\n<p>Los abogados de D&amp;F, al momento de pedir el concurso preventivo, hab\u00edan planteado que exist\u00edan antecedentes judiciales que amparaban el reclamo. Sin embargo, el magistrado no las consider\u00f3 trasladables, por tratarse de situaciones que \u201cdifieren claramente de las que aqu\u00ed se presentan\u201d. Vale recordar que la suspensi\u00f3n en el Ruca -que rige desde noviembre- lleg\u00f3 luego de que el Banco Central informara que la compa\u00f1\u00eda incumpl\u00eda con el 97,8% de sus obligaciones en materia de liquidaci\u00f3n de divisas, teniendo un saldo pendiente de 450 millones de d\u00f3lares.<\/p>\n<p>\u201cSi por v\u00eda de hip\u00f3tesis se dejase de lado la tem\u00e1tica de la competencia, lo cierto es que las medidas solicitadas tampoco correr\u00edan mejor suerte. Ello as\u00ed habida cuenta que carecen de un recaudo b\u00e1sico de toda medida cautelar como es la verosimilitud en el derecho\u201d, continu\u00f3 Quiroga, quien adem\u00e1s ech\u00f3 para atr\u00e1s dos resoluciones tomadas por \u00e9l mismo a principios de marzo, cuando la autoriz\u00f3 para volver al negocio con los buques en recalada: \u201cEn funci\u00f3n de lo expuesto, corresponde desestimar las medidas examinadas y dejar sin efecto las \u00f3rdenes impartidas mediante resoluciones (&#8230;), no sin antes se\u00f1alar que lo all\u00ed resuelto obedeci\u00f3 pura y exclusivamente a la urgencia denunciada por la existencia de barcos en recalada, raz\u00f3n por la cual se anticip\u00f3 en dicho decisorio que no implicaba adelantar opini\u00f3n sobre lo que pudiera decidirse en esta oportunidad y, adem\u00e1s, en la \u00e9poca de aqu\u00e9llos decisorios no se hab\u00eda expedido la justicia federal de esta ciudad sobre el planteo de la concursada\u201d, complet\u00f3.<\/p>\n<p><strong>Respirador artificial<\/strong><\/p>\n<p>Durante buena parte del 2020, D\u00edaz &amp; Forti fue el principal sost\u00e9n financiero de Vicentin. Gracias a los contratos de fas\u00f3n le permiti\u00f3 cubrir los costos fijos y mantener los fierros en marcha, algo nada desde\u00f1able para una empresa sumergida en una crisis tan profunda.<\/p>\n<p>Tras el rev\u00e9s sufrido esta semana en la justicia comercial, el futuro de la cerealera rosarina es una verdadera inc\u00f3gnita. As\u00ed como tuvo un crecimiento mete\u00f3rico el a\u00f1o pasado (cuando se transform\u00f3 en una de las principales exportadoras de granos de la noche a la ma\u00f1ana), todo indica que su ca\u00edda ser\u00e1 igual de vertiginosa. Desde la empresa siempre sostuvieron que las acciones en su contra eran motivadas por intenciones pol\u00edticas, pero lo cierto y real es que ya son varios los juzgados que convalidan la investigaci\u00f3n del Banco Central. Sus ejecutivos dicen que la deuda es menos de la mitad que dice el organismo nacional, pero incluso en ese caso se trata de un rojo de 200 millones de d\u00f3lares que nadie sabe c\u00f3mo ni cu\u00e1ndo se va a cancelar.<\/p>\n<p>Fuente: El Litoral<\/p>\n","protected":false},"excerpt":{"rendered":"<p>Es como consecuencia de un nuevo rev\u00e9s judicial que recibi\u00f3 la cerealera rosarina D\u00edaz &amp; Forti. Igual, la agroexportadora con sede en Avellaneda se las viene ingeniando para reemplazar a quien fuera su respirador artificial en 2020. La cerealera rosarina D\u00edaz &amp; Forti (D&amp;F) recibi\u00f3 un nuevo rev\u00e9s judicial en su intento por volver a [&hellip;]<\/p>\n","protected":false},"author":3,"featured_media":18936,"comment_status":"open","ping_status":"open","sticky":false,"template":"","format":"standard","meta":{"_joinchat":[],"footnotes":""},"categories":[55],"tags":[],"class_list":{"0":"post-18935","1":"post","2":"type-post","3":"status-publish","4":"format-standard","5":"has-post-thumbnail","7":"category-reconquista"},"_links":{"self":[{"href":"https:\/\/infovera.com.ar\/web\/wp-json\/wp\/v2\/posts\/18935","targetHints":{"allow":["GET"]}}],"collection":[{"href":"https:\/\/infovera.com.ar\/web\/wp-json\/wp\/v2\/posts"}],"about":[{"href":"https:\/\/infovera.com.ar\/web\/wp-json\/wp\/v2\/types\/post"}],"author":[{"embeddable":true,"href":"https:\/\/infovera.com.ar\/web\/wp-json\/wp\/v2\/users\/3"}],"replies":[{"embeddable":true,"href":"https:\/\/infovera.com.ar\/web\/wp-json\/wp\/v2\/comments?post=18935"}],"version-history":[{"count":0,"href":"https:\/\/infovera.com.ar\/web\/wp-json\/wp\/v2\/posts\/18935\/revisions"}],"wp:featuredmedia":[{"embeddable":true,"href":"https:\/\/infovera.com.ar\/web\/wp-json\/wp\/v2\/media\/18936"}],"wp:attachment":[{"href":"https:\/\/infovera.com.ar\/web\/wp-json\/wp\/v2\/media?parent=18935"}],"wp:term":[{"taxonomy":"category","embeddable":true,"href":"https:\/\/infovera.com.ar\/web\/wp-json\/wp\/v2\/categories?post=18935"},{"taxonomy":"post_tag","embeddable":true,"href":"https:\/\/infovera.com.ar\/web\/wp-json\/wp\/v2\/tags?post=18935"}],"curies":[{"name":"wp","href":"https:\/\/api.w.org\/{rel}","templated":true}]}}