{"id":18830,"date":"2021-04-05T19:03:23","date_gmt":"2021-04-05T22:03:23","guid":{"rendered":"https:\/\/infovera.com.ar\/web\/?p=18830"},"modified":"2021-04-06T14:02:24","modified_gmt":"2021-04-06T17:02:24","slug":"fortin-olmos-usuarios-de-la-epe-sin-luz-por-la-accion-de-un-rayo","status":"publish","type":"post","link":"https:\/\/infovera.com.ar\/web\/2021\/04\/05\/fortin-olmos-usuarios-de-la-epe-sin-luz-por-la-accion-de-un-rayo\/","title":{"rendered":"Fort\u00edn Olmos: usuarios de la EPE sin luz por la acci\u00f3n de un rayo"},"content":{"rendered":"<p><strong>A causa de la tormenta de hoy y presumiblemente por la acci\u00f3n de un rayo, se quem\u00f3 un transformador en Fort\u00edn Olmos. <\/strong><\/p>\n<p>Por este motivo, van a quedar algunos usuarios sin servicio hasta ma\u00f1ana, que se va a cambiar la m\u00e1quina fallada, inform\u00f3 la EPE Reconquista.<\/p>\n","protected":false},"excerpt":{"rendered":"<p>A causa de la tormenta de hoy y presumiblemente por la acci\u00f3n de un rayo, se quem\u00f3 un transformador en Fort\u00edn Olmos. Por este motivo, van a quedar algunos usuarios sin servicio hasta ma\u00f1ana, que se va a cambiar la m\u00e1quina fallada, inform\u00f3 la EPE Reconquista.<\/p>\n","protected":false},"author":3,"featured_media":18831,"comment_status":"open","ping_status":"open","sticky":false,"template":"","format":"standard","meta":{"_joinchat":[],"footnotes":""},"categories":[51],"tags":[],"class_list":{"0":"post-18830","1":"post","2":"type-post","3":"status-publish","4":"format-standard","5":"has-post-thumbnail","7":"category-locales"},"_links":{"self":[{"href":"https:\/\/infovera.com.ar\/web\/wp-json\/wp\/v2\/posts\/18830","targetHints":{"allow":["GET"]}}],"collection":[{"href":"https:\/\/infovera.com.ar\/web\/wp-json\/wp\/v2\/posts"}],"about":[{"href":"https:\/\/infovera.com.ar\/web\/wp-json\/wp\/v2\/types\/post"}],"author":[{"embeddable":true,"href":"https:\/\/infovera.com.ar\/web\/wp-json\/wp\/v2\/users\/3"}],"replies":[{"embeddable":true,"href":"https:\/\/infovera.com.ar\/web\/wp-json\/wp\/v2\/comments?post=18830"}],"version-history":[{"count":0,"href":"https:\/\/infovera.com.ar\/web\/wp-json\/wp\/v2\/posts\/18830\/revisions"}],"wp:featuredmedia":[{"embeddable":true,"href":"https:\/\/infovera.com.ar\/web\/wp-json\/wp\/v2\/media\/18831"}],"wp:attachment":[{"href":"https:\/\/infovera.com.ar\/web\/wp-json\/wp\/v2\/media?parent=18830"}],"wp:term":[{"taxonomy":"category","embeddable":true,"href":"https:\/\/infovera.com.ar\/web\/wp-json\/wp\/v2\/categories?post=18830"},{"taxonomy":"post_tag","embeddable":true,"href":"https:\/\/infovera.com.ar\/web\/wp-json\/wp\/v2\/tags?post=18830"}],"curies":[{"name":"wp","href":"https:\/\/api.w.org\/{rel}","templated":true}]}}