{"id":18823,"date":"2021-04-05T11:47:07","date_gmt":"2021-04-05T14:47:07","guid":{"rendered":"https:\/\/infovera.com.ar\/web\/?p=18823"},"modified":"2021-04-05T11:47:07","modified_gmt":"2021-04-05T14:47:07","slug":"fiscal-regional-denuncio-a-sain-y-pidio-su-destitucion-por-faltas-graves","status":"publish","type":"post","link":"https:\/\/infovera.com.ar\/web\/2021\/04\/05\/fiscal-regional-denuncio-a-sain-y-pidio-su-destitucion-por-faltas-graves\/","title":{"rendered":"Fiscal regional denunci\u00f3 a Sain y pidi\u00f3 su destituci\u00f3n por &#8220;faltas graves&#8221;"},"content":{"rendered":"<p><strong>El Fiscal Regional hizo su presentaci\u00f3n ante la Auditor\u00eda General del MPA, que ya se declar\u00f3 incompetente. Lo responsabiliza por &#8220;los tratos crueles&#8221; en comisar\u00edas; por no garantizar &#8220;el principio de igualdad&#8221; en la compra de armas; por las &#8220;pr\u00e1cticas agraviantes sistem\u00e1ticas&#8221;, y por incurrir en una incompabitibilidad manifiesta como titular del Organismo de Investigaciones.<\/strong><\/p>\n<p>El Fiscal Regional de Santa Fe, Carlos Arietti, denunci\u00f3 a Marcelo Sain ante la Auditor\u00eda General del Ministerio P\u00fablico de la Acusaci\u00f3n, y solicit\u00f3 su destituci\u00f3n por considerar que ha cometido &#8220;faltas graves&#8221;. En un extenso escrito de 32 fojas, apunta contra el ex ministro de Seguridad agrupando las presuntas irregularidades en cuatro t\u00f3picos: situaci\u00f3n de hacinamiento en comisar\u00edas, compra de armas, descalificaciones sistem\u00e1ticas, e incompatibilidad manifiesta para conducir el Organismo de Investigaci\u00f3n (OI).<\/p>\n<p>Por todo ello, Arietti reclam\u00f3 la destituci\u00f3n de Sain del OI, cargo al que retorna este lunes tras la autorizaci\u00f3n pertinente del Fiscal General, Jorge Baclini. Y plantea que sea suspendido preventivamente en sus funciones, hasta tanto se sustancie el proceso en su contra. El escrito fue presentado la semana pasada y ya tuvo una respuesta de la auditora Mar\u00eda Cecilia Vranicich. La funcionaria se declar\u00f3 incompetente. Arietti apel\u00f3, entonces, la resoluci\u00f3n y recurri\u00f3 como instancia superior a la Junta Provincial de Fiscales que tambi\u00e9n se re\u00fane este lunes en Rosario.<\/p>\n<p><strong>Comisar\u00edas<\/strong><\/p>\n<p>En primera instancia, Arietti denunci\u00f3 a Sain por la &#8220;convalidaci\u00f3n de tratos crueles, inhumamos y degradantes&#8221; a los detenidos en dependencias policiales del departamento La Capital. Se describe la recurrente situaci\u00f3n de hacinamiento y superpoblaci\u00f3n, y se concluye en que los alojados &#8220;exceden en un 200% las plazas existentes&#8221;. Se advierte la &#8220;falta de respuestas y acciones del Ministerio para morigerar la situaci\u00f3n&#8221;, a pesar de los recurrentes h\u00e1beas corpus presentados.<\/p>\n<p>Arietti recuerda en su escrito que la ley org\u00e1nica del OI plantea como incompatibilidad e inhabilidad para ejercer el cargo &#8220;la existencia de pruebas suficientes de participaci\u00f3n en hechos que puedan ser subsumidos en la categor\u00eda de lesa humanidad o que hagan presumir razonablemente la participaci\u00f3n, consentimiento o convalidaci\u00f3n de hechos de tortura u otros tratos o penas crueles, inhumanos y\/o degradantes&#8221;. Para Arietti, la conducta de Sain se enmarca en este \u00faltimo postulado.<\/p>\n<p><strong>Compra de armas<\/strong><\/p>\n<p>El segundo punto sobre el que Arietti focaliz\u00f3 la denuncia es la compra de armas que impuls\u00f3 el Ministerio de Seguridad. All\u00ed le reprocha &#8220;haber violado los principios de igualdad, concurrencia y razonabilidad en el procedimiento de contrataci\u00f3n p\u00fablica&#8221;. Como se sabe, el proceso hab\u00eda sido impugnado por una de las empresas participantes \u2013 BERSA-. La firma entend\u00eda que el pliego se hab\u00eda confeccionado a &#8220;la medida&#8221; de la empresa israel\u00ed IWI. Desde el Ministerio de Econom\u00eda se resolvi\u00f3 suspender la licitaci\u00f3n, modificar el pliego y reprogramar la apertura de sobres.<\/p>\n<p>Arietti cita el dictamen de la cartera de finanzas cuando le plantea a la de Seguridad que resultan &#8220;escasos los conceptos para sustentar el agrupamiento de \u00edtems&#8221; &#8211; \u00e9se hab\u00eda sido el centro de la controversia y lo objetado por Bersa puesto que dicha modalidad induc\u00eda a que se presentara una sola empresa- y recomienda su divisi\u00f3n en renglones. El proceso hab\u00eda sido frenado, incluso, por la C\u00e1mara en lo Contencioso Administrativo. Y cont\u00f3, adem\u00e1s, con un dictamen de Fiscal\u00eda de Estado, que aval\u00f3 lo sostenido desde Econom\u00eda. Por todo ello, Arietti concluye en que Sain no garantiz\u00f3 como funcionario p\u00fablico, los principios de &#8220;publicidad, igualdad, concurrencia y razonabilidad&#8221;.<\/p>\n<p><strong>Pr\u00e1ctica agraviante<\/strong><\/p>\n<p>En tercera instancia, el Fiscal Regional advierte sobre una &#8220;conducta sistem\u00e1tica que trae como consecuencia la obstaculizaci\u00f3n del servicio a prestar por el Ministerio P\u00fablico de la Acusaci\u00f3n, y puede afectar el cumplimiento de los objetivos y principios del OI&#8221;. En este apartado, Arietti cit\u00f3 expresiones de Sain contra Baclini, cuando expres\u00f3 que su actitud &#8220;dejaba mucho que desear&#8221; y lo responsabiliz\u00f3 de &#8220;gran parte de la crisis por la que atraviesa el MPA&#8221;; tambi\u00e9n contra el propio Arietti sobre quien dijo que &#8220;est\u00e1 m\u00e1s pegado al poder que a los problemas criminales; lo hemos visto en su comportamiento con relaci\u00f3n al caso Oldani, y tiene una mirada palaciega de la justicia&#8221;; y en general, contra todos los integrantes del MPA, cuando sostuvo que &#8220;hay fiscales que deforman el concepto de flagrancia para no laburar&#8221;.<\/p>\n<p>Para Arietti, esa conducta puede terminar &#8220;interfiriendo en actuaciones judiciales en las que (Sain) no tenga ninguna intervenci\u00f3n oficial&#8221;. Y ampl\u00eda su escrito con muestras de esa &#8220;pr\u00e1ctica agraviante&#8221; tambi\u00e9n hacia otros integrantes del Poder Judicial -en ese blanco sit\u00faa a la Oficina de Gesti\u00f3n Judicial; y al ministro de la Corte, Rafael Guti\u00e9rrez, entre otros-, hacia funcionarios de los Poderes Ejecutivo y Legislativo, y hacia intendentes. En este sentido, Arietti aludi\u00f3 a &#8220;palabras soeces&#8221; con las que Sain descalific\u00f3 al propio gobernador Omar Perotti, a los intendentes Emilio Jaton y Pablo Javkin \u2013 los llam\u00f3 &#8220;especuladores y de cuarta categor\u00eda&#8221;-; al presidente de la C\u00e1mara de Diputados, Miguel Lifschitz; a otros legisladores y periodistas.<\/p>\n<p>Finalmente, cit\u00f3 expresiones y conductas &#8220;despectivas, burlonas y discriminatorias hacia la provincia y sus habitantes y otras instituciones, as\u00ed como impropias de cualquier funcionario p\u00fablico&#8221;. Los integrantes del Poder Judicial, plante\u00f3 Arietti, deben tener seg\u00fan la ley &#8220;una conducta irreprochable&#8221;, y record\u00f3 que es una falta grave &#8220;ejecutar hechos o incurrir en omisiones que tengan como consecuencia la obstaculizaci\u00f3n del tr\u00e1mite o del servicio&#8221; en el OI del MPA. A su criterio, con la conducta ejercida por Sain se obstaculiza &#8220;la objetividad en la aplicaci\u00f3n de la ley penal, el respeto por los derechos humanos y la gesti\u00f3n de conflictos para restablecer la paz social&#8221;.<\/p>\n<p><strong>Incompatible<\/strong><\/p>\n<p>Finalmente, el Fiscal plante\u00f3 la existencia de investigaciones penales preparatorias que lo tiene a Sain, sus colaboradores y otros funcionarios p\u00fablicos de la provincia, como imputados y\/o investigados . Ello, sostiene, constituye un motivo de impedimento y una incompatibilidad actual para ser director del OI. Y &#8220;trae como consecuencia \u2013 acota- la obstaculizaci\u00f3n de los tr\u00e1mites y del servicio a prestar por el MPA, que pueden afectar el cumplimiento de los objetivos y principios del OI&#8221;.<\/p>\n<p>Sobre la base de los argumentos planteados, Arietti reclama la suspensi\u00f3n preventiva de Sain &#8220;en forma inmediata&#8221; como titular del OI, hasta tanto finalice la investigaci\u00f3n administrativa iniciada sobre su conducta, y que pueda derivar eventualmente, en la destituci\u00f3n que reclama.<\/p>\n<p>Fuente: El Litoral<\/p>\n","protected":false},"excerpt":{"rendered":"<p>El Fiscal Regional hizo su presentaci\u00f3n ante la Auditor\u00eda General del MPA, que ya se declar\u00f3 incompetente. Lo responsabiliza por &#8220;los tratos crueles&#8221; en comisar\u00edas; por no garantizar &#8220;el principio de igualdad&#8221; en la compra de armas; por las &#8220;pr\u00e1cticas agraviantes sistem\u00e1ticas&#8221;, y por incurrir en una incompabitibilidad manifiesta como titular del Organismo de Investigaciones. [&hellip;]<\/p>\n","protected":false},"author":3,"featured_media":6543,"comment_status":"open","ping_status":"open","sticky":false,"template":"","format":"standard","meta":{"_joinchat":[],"footnotes":""},"categories":[60],"tags":[],"class_list":{"0":"post-18823","1":"post","2":"type-post","3":"status-publish","4":"format-standard","5":"has-post-thumbnail","7":"category-provinciales"},"_links":{"self":[{"href":"https:\/\/infovera.com.ar\/web\/wp-json\/wp\/v2\/posts\/18823","targetHints":{"allow":["GET"]}}],"collection":[{"href":"https:\/\/infovera.com.ar\/web\/wp-json\/wp\/v2\/posts"}],"about":[{"href":"https:\/\/infovera.com.ar\/web\/wp-json\/wp\/v2\/types\/post"}],"author":[{"embeddable":true,"href":"https:\/\/infovera.com.ar\/web\/wp-json\/wp\/v2\/users\/3"}],"replies":[{"embeddable":true,"href":"https:\/\/infovera.com.ar\/web\/wp-json\/wp\/v2\/comments?post=18823"}],"version-history":[{"count":0,"href":"https:\/\/infovera.com.ar\/web\/wp-json\/wp\/v2\/posts\/18823\/revisions"}],"wp:featuredmedia":[{"embeddable":true,"href":"https:\/\/infovera.com.ar\/web\/wp-json\/wp\/v2\/media\/6543"}],"wp:attachment":[{"href":"https:\/\/infovera.com.ar\/web\/wp-json\/wp\/v2\/media?parent=18823"}],"wp:term":[{"taxonomy":"category","embeddable":true,"href":"https:\/\/infovera.com.ar\/web\/wp-json\/wp\/v2\/categories?post=18823"},{"taxonomy":"post_tag","embeddable":true,"href":"https:\/\/infovera.com.ar\/web\/wp-json\/wp\/v2\/tags?post=18823"}],"curies":[{"name":"wp","href":"https:\/\/api.w.org\/{rel}","templated":true}]}}