{"id":18767,"date":"2021-04-03T18:25:51","date_gmt":"2021-04-03T21:25:51","guid":{"rendered":"https:\/\/infovera.com.ar\/web\/?p=18767"},"modified":"2021-04-03T18:25:51","modified_gmt":"2021-04-03T21:25:51","slug":"confirman-el-diagnostico-de-coronavirus-positivo-y-el-cuadro-clinico-leve-de-alberto-fernandez","status":"publish","type":"post","link":"https:\/\/infovera.com.ar\/web\/2021\/04\/03\/confirman-el-diagnostico-de-coronavirus-positivo-y-el-cuadro-clinico-leve-de-alberto-fernandez\/","title":{"rendered":"Confirman el diagn\u00f3stico de coronavirus positivo y el cuadro cl\u00ednico &#8220;leve&#8221; de Alberto Fern\u00e1ndez"},"content":{"rendered":"<p><strong>Seg\u00fan se confirm\u00f3 oficialmente, el Presidente &#8220;se encuentra estable, asintom\u00e1tico, con par\u00e1metros dentro de rangos de normalidad&#8221;. Adem\u00e1s, el informe indica que el cuadro &#8220;es leve debido en gran parte al efecto protector de la vacuna&#8221;.<\/strong><\/p>\n<p>Tanto la evoluci\u00f3n cl\u00ednica del paciente como las alternativas terap\u00e9uticas que se vayan tomando, se ir\u00e1n informando oportunamente, se\u00f1alaron cerca del Presidente.<\/p>\n<p>La Unidad M\u00e9dica Presidencial inform\u00f3 que\u00a0el test PCR de Alberto Fern\u00e1ndez dio resultado positivo para coronavirus\u00a0y aclar\u00f3 que &#8220;el cuadro cl\u00ednico&#8221; que atraviesa el primer mandatario &#8220;es leve, debido en gran parte al efecto protector de la vacuna recibida&#8221;.<\/p>\n<p>Seg\u00fan se confirm\u00f3 oficialmente, el Presidente &#8220;se encuentra estable, asintom\u00e1tico, con par\u00e1metros dentro de rangos de normalidad&#8221;.<\/p>\n<p>Fern\u00e1ndez se encuentra bajo monitoreo m\u00e9dico permanente, seg\u00fan las conductas infectol\u00f3gicas que se consensuaron con expertos en el tema.<\/p>\n<p>Tanto la evoluci\u00f3n cl\u00ednica del paciente como las alternativas terap\u00e9uticas que se vayan tomando, se ir\u00e1n informando oportunamente, se\u00f1alaron cerca del Presidente.<\/p>\n<p>&#8220;El cuadro cl\u00ednico es leve debido en gran parte al efecto protector de la vacuna recibida&#8221;<\/p>\n<p><strong>UNIDAD M\u00c9DICA PRESIDENCIAL<\/strong><\/p>\n<p>Este viernes viernes, Fern\u00e1ndez se realiz\u00f3 un test de determinaci\u00f3n de ant\u00edgeno para COVID-19 tras haber presentado un registro de temperatura de 37,3 grados cent\u00edgrados y cefalea, cuyo resultado fue positivo.<\/p>\n<p>&#8220;Ante esta situaci\u00f3n se tomaron las medidas de aislamiento obligatorio para el primer mandatario y todos los contactos estrechos del mismo en las 48 horas previas al inicio de los s\u00edntomas, como as\u00ed tambi\u00e9n se procedi\u00f3 a realizar un hisopado para PCR a fin de confirmar o descartar la enfermedad&#8221;, se\u00f1ala el parte oficial firmado por el doctor Federico Saavedra.<\/p>\n<p>Esta tarde, &#8220;se confirma el diagn\u00f3stico de infecci\u00f3n por COVID-19 al recibir el de PCR positivo, dejando en claro que el cuadro cl\u00ednico es leve debido en gran parte al efecto protector de la vacuna recibida&#8221;, inform\u00f3 la Unidad M\u00e9dica Presidencial.<\/p>\n<p>&nbsp;<\/p>\n","protected":false},"excerpt":{"rendered":"<p>Seg\u00fan se confirm\u00f3 oficialmente, el Presidente &#8220;se encuentra estable, asintom\u00e1tico, con par\u00e1metros dentro de rangos de normalidad&#8221;. Adem\u00e1s, el informe indica que el cuadro &#8220;es leve debido en gran parte al efecto protector de la vacuna&#8221;. Tanto la evoluci\u00f3n cl\u00ednica del paciente como las alternativas terap\u00e9uticas que se vayan tomando, se ir\u00e1n informando oportunamente, se\u00f1alaron [&hellip;]<\/p>\n","protected":false},"author":3,"featured_media":18769,"comment_status":"open","ping_status":"open","sticky":false,"template":"","format":"standard","meta":{"_joinchat":[],"footnotes":""},"categories":[62],"tags":[],"class_list":{"0":"post-18767","1":"post","2":"type-post","3":"status-publish","4":"format-standard","5":"has-post-thumbnail","7":"category-nacionales"},"_links":{"self":[{"href":"https:\/\/infovera.com.ar\/web\/wp-json\/wp\/v2\/posts\/18767","targetHints":{"allow":["GET"]}}],"collection":[{"href":"https:\/\/infovera.com.ar\/web\/wp-json\/wp\/v2\/posts"}],"about":[{"href":"https:\/\/infovera.com.ar\/web\/wp-json\/wp\/v2\/types\/post"}],"author":[{"embeddable":true,"href":"https:\/\/infovera.com.ar\/web\/wp-json\/wp\/v2\/users\/3"}],"replies":[{"embeddable":true,"href":"https:\/\/infovera.com.ar\/web\/wp-json\/wp\/v2\/comments?post=18767"}],"version-history":[{"count":0,"href":"https:\/\/infovera.com.ar\/web\/wp-json\/wp\/v2\/posts\/18767\/revisions"}],"wp:featuredmedia":[{"embeddable":true,"href":"https:\/\/infovera.com.ar\/web\/wp-json\/wp\/v2\/media\/18769"}],"wp:attachment":[{"href":"https:\/\/infovera.com.ar\/web\/wp-json\/wp\/v2\/media?parent=18767"}],"wp:term":[{"taxonomy":"category","embeddable":true,"href":"https:\/\/infovera.com.ar\/web\/wp-json\/wp\/v2\/categories?post=18767"},{"taxonomy":"post_tag","embeddable":true,"href":"https:\/\/infovera.com.ar\/web\/wp-json\/wp\/v2\/tags?post=18767"}],"curies":[{"name":"wp","href":"https:\/\/api.w.org\/{rel}","templated":true}]}}