{"id":18761,"date":"2021-04-03T13:24:07","date_gmt":"2021-04-03T16:24:07","guid":{"rendered":"https:\/\/infovera.com.ar\/web\/?p=18761"},"modified":"2021-04-03T13:24:07","modified_gmt":"2021-04-03T16:24:07","slug":"reconocimiento-a-un-veterano-de-malvinas-que-cumple-prision-en-santa-felicia","status":"publish","type":"post","link":"https:\/\/infovera.com.ar\/web\/2021\/04\/03\/reconocimiento-a-un-veterano-de-malvinas-que-cumple-prision-en-santa-felicia\/","title":{"rendered":"Reconocimiento a un veterano de Malvinas que cumple prisi\u00f3n en Santa Felicia"},"content":{"rendered":"<p>&#8220;M\u00e1s all\u00e1 de las circunstancias, nuestros h\u00e9roes son merecedores de nuestro respeto y gratitud, por su arrojo en el d\u00eda de la fecha, en la Direcci\u00f3n de la Unidad Penal 10, acompa\u00f1ados de personal de G.O.R.O., procedimos a presentar nuestros respetos al ex combatiente y herido en batalla M. G. Interno alojado en esta Unidad Penal&#8221;, informaron desde la c\u00e1rcel de Santa Felicia.<\/p>\n<p>Luego de ello, autoridades del penal compartieron con el veterano una charla en la que relat\u00f3 algunas experiencias de lo que le toc\u00f3 vivir en combate.<\/p>\n","protected":false},"excerpt":{"rendered":"<p>&#8220;M\u00e1s all\u00e1 de las circunstancias, nuestros h\u00e9roes son merecedores de nuestro respeto y gratitud, por su arrojo en el d\u00eda de la fecha, en la Direcci\u00f3n de la Unidad Penal 10, acompa\u00f1ados de personal de G.O.R.O., procedimos a presentar nuestros respetos al ex combatiente y herido en batalla M. G. Interno alojado en esta Unidad [&hellip;]<\/p>\n","protected":false},"author":3,"featured_media":18762,"comment_status":"open","ping_status":"open","sticky":false,"template":"","format":"standard","meta":{"_joinchat":[],"footnotes":""},"categories":[53],"tags":[],"class_list":{"0":"post-18761","1":"post","2":"type-post","3":"status-publish","4":"format-standard","5":"has-post-thumbnail","7":"category-vera"},"_links":{"self":[{"href":"https:\/\/infovera.com.ar\/web\/wp-json\/wp\/v2\/posts\/18761","targetHints":{"allow":["GET"]}}],"collection":[{"href":"https:\/\/infovera.com.ar\/web\/wp-json\/wp\/v2\/posts"}],"about":[{"href":"https:\/\/infovera.com.ar\/web\/wp-json\/wp\/v2\/types\/post"}],"author":[{"embeddable":true,"href":"https:\/\/infovera.com.ar\/web\/wp-json\/wp\/v2\/users\/3"}],"replies":[{"embeddable":true,"href":"https:\/\/infovera.com.ar\/web\/wp-json\/wp\/v2\/comments?post=18761"}],"version-history":[{"count":0,"href":"https:\/\/infovera.com.ar\/web\/wp-json\/wp\/v2\/posts\/18761\/revisions"}],"wp:featuredmedia":[{"embeddable":true,"href":"https:\/\/infovera.com.ar\/web\/wp-json\/wp\/v2\/media\/18762"}],"wp:attachment":[{"href":"https:\/\/infovera.com.ar\/web\/wp-json\/wp\/v2\/media?parent=18761"}],"wp:term":[{"taxonomy":"category","embeddable":true,"href":"https:\/\/infovera.com.ar\/web\/wp-json\/wp\/v2\/categories?post=18761"},{"taxonomy":"post_tag","embeddable":true,"href":"https:\/\/infovera.com.ar\/web\/wp-json\/wp\/v2\/tags?post=18761"}],"curies":[{"name":"wp","href":"https:\/\/api.w.org\/{rel}","templated":true}]}}