{"id":18745,"date":"2021-04-03T11:38:03","date_gmt":"2021-04-03T14:38:03","guid":{"rendered":"https:\/\/infovera.com.ar\/web\/?p=18745"},"modified":"2021-04-03T11:38:03","modified_gmt":"2021-04-03T14:38:03","slug":"coronavirus-salud-informo-la-presencia-de-las-cepas-de-manaos-y-reino-unido-en-la-provincia","status":"publish","type":"post","link":"https:\/\/infovera.com.ar\/web\/2021\/04\/03\/coronavirus-salud-informo-la-presencia-de-las-cepas-de-manaos-y-reino-unido-en-la-provincia\/","title":{"rendered":"Coronavirus: Salud inform\u00f3 la presencia de las cepas de Manaos y Reino Unido en la provincia"},"content":{"rendered":"<p><strong>Los casos se registraron en las ciudades de Rafaela y Santa Fe.<\/strong><\/p>\n<p>El Ministerio de Salud de la provincia, a trav\u00e9s de la Direcci\u00f3n de Epidemiolog\u00eda, detall\u00f3 que en el d\u00eda de la fecha se recibi\u00f3 un informe del Instituto Nacional de Tecnolog\u00eda Agropecuaria (INTA) Rafaela, integrante del grupo Proyecto PAIS, sobre la detecci\u00f3n de un caso de COVID19 de la cepa Manaos, en el territorio provincial. Al respecto, la ministra de Salud, Sonia Martorano detall\u00f3: \u201cSe aguarda el informe definitivo, pero a\u00fan as\u00ed el paciente fue aislado y no registra antecedente de viaje\u201d. Adem\u00e1s, agreg\u00f3: \u201cYa fueron tomadas todas las medidas sanitarias y se est\u00e1 investigando la fuente probable de infecci\u00f3n\u201d.<\/p>\n<p>A su vez, se notific\u00f3 un caso de la cepa del Reino Unido en una persona residente de la ciudad de Santa Fe. \u201cEn este caso existe un antecedente de contacto con viajeros y contin\u00faa la investigaci\u00f3n\u201d, remarc\u00f3 la funcionaria.<\/p>\n<p>Del mismo modo, Martorano enfatiz\u00f3: \u201cAmbas cepas ya han sido detectada en otras provincias, por lo que se insta a reforzar las medidas de prevenci\u00f3n para evitar el contagio: distanciamiento social mayor a 1,5 metros, uso del cubrebocas fuera del hogar, ventilaci\u00f3n de los ambientes y lavado de manos\u201d.<\/p>\n<p>Para cerrar, vale remarcar que todas las personas que ingresen al pa\u00eds deben acreditar una PCR negativa dentro de las 72 horas previo al viaje, realizar una cuarentena estricta de 10 d\u00edas, y una nueva PCR a los 7 d\u00edas de arribado, a\u00fan sin s\u00edntomas, para evitar la introducci\u00f3n de nuevas cepas y su dispersi\u00f3n en la poblaci\u00f3n.<\/p>\n","protected":false},"excerpt":{"rendered":"<p>Los casos se registraron en las ciudades de Rafaela y Santa Fe. El Ministerio de Salud de la provincia, a trav\u00e9s de la Direcci\u00f3n de Epidemiolog\u00eda, detall\u00f3 que en el d\u00eda de la fecha se recibi\u00f3 un informe del Instituto Nacional de Tecnolog\u00eda Agropecuaria (INTA) Rafaela, integrante del grupo Proyecto PAIS, sobre la detecci\u00f3n de [&hellip;]<\/p>\n","protected":false},"author":3,"featured_media":18746,"comment_status":"open","ping_status":"open","sticky":false,"template":"","format":"standard","meta":{"_joinchat":[],"footnotes":""},"categories":[60],"tags":[],"class_list":{"0":"post-18745","1":"post","2":"type-post","3":"status-publish","4":"format-standard","5":"has-post-thumbnail","7":"category-provinciales"},"_links":{"self":[{"href":"https:\/\/infovera.com.ar\/web\/wp-json\/wp\/v2\/posts\/18745","targetHints":{"allow":["GET"]}}],"collection":[{"href":"https:\/\/infovera.com.ar\/web\/wp-json\/wp\/v2\/posts"}],"about":[{"href":"https:\/\/infovera.com.ar\/web\/wp-json\/wp\/v2\/types\/post"}],"author":[{"embeddable":true,"href":"https:\/\/infovera.com.ar\/web\/wp-json\/wp\/v2\/users\/3"}],"replies":[{"embeddable":true,"href":"https:\/\/infovera.com.ar\/web\/wp-json\/wp\/v2\/comments?post=18745"}],"version-history":[{"count":0,"href":"https:\/\/infovera.com.ar\/web\/wp-json\/wp\/v2\/posts\/18745\/revisions"}],"wp:featuredmedia":[{"embeddable":true,"href":"https:\/\/infovera.com.ar\/web\/wp-json\/wp\/v2\/media\/18746"}],"wp:attachment":[{"href":"https:\/\/infovera.com.ar\/web\/wp-json\/wp\/v2\/media?parent=18745"}],"wp:term":[{"taxonomy":"category","embeddable":true,"href":"https:\/\/infovera.com.ar\/web\/wp-json\/wp\/v2\/categories?post=18745"},{"taxonomy":"post_tag","embeddable":true,"href":"https:\/\/infovera.com.ar\/web\/wp-json\/wp\/v2\/tags?post=18745"}],"curies":[{"name":"wp","href":"https:\/\/api.w.org\/{rel}","templated":true}]}}