{"id":18730,"date":"2021-04-02T14:00:18","date_gmt":"2021-04-02T17:00:18","guid":{"rendered":"https:\/\/infovera.com.ar\/web\/?p=18730"},"modified":"2021-04-03T11:42:55","modified_gmt":"2021-04-03T14:42:55","slug":"calchaqui-rindio-homenaje-a-sus-heroes-de-malvinas","status":"publish","type":"post","link":"https:\/\/infovera.com.ar\/web\/2021\/04\/02\/calchaqui-rindio-homenaje-a-sus-heroes-de-malvinas\/","title":{"rendered":"Calchaqu\u00ed rindi\u00f3 homenaje a sus h\u00e9roes de Malvinas"},"content":{"rendered":"<p><strong>D\u00eda del Veterano y de los Ca\u00eddos en la Guerra de las Malvinas.<\/strong><\/p>\n<p>El gobierno local llev\u00f3 adelante un homenaje a los excombatientes: Santos Gorosito, Jorge Castagno, Ram\u00f3n Osvaldo Fin\u00f3s, Juan Vilches y Jos\u00e9 Luis&#8221;Pitila&#8221; Burguener.<\/p>\n<p>El acto fue presidido por el intendente Rub\u00e9n Cuello.<\/p>\n<p>La guerra contra el Reino Unido por la soberan\u00eda de las Islas Malvinas ocurri\u00f3 desde el 2 de abril al 14 de junio de 1982.<\/p>\n<p>Este enfrentamiento armado cost\u00f3 la vida de cientos de j\u00f3venes de 18 a\u00f1os que cumpl\u00edan el servicio militar, y dej\u00f3 graves secuelas f\u00edsicas y psicol\u00f3gicas a quienes tuvieron que defender el suelo argentino.<\/p>\n<p>&nbsp;<\/p>\n","protected":false},"excerpt":{"rendered":"<p>D\u00eda del Veterano y de los Ca\u00eddos en la Guerra de las Malvinas. El gobierno local llev\u00f3 adelante un homenaje a los excombatientes: Santos Gorosito, Jorge Castagno, Ram\u00f3n Osvaldo Fin\u00f3s, Juan Vilches y Jos\u00e9 Luis&#8221;Pitila&#8221; Burguener. El acto fue presidido por el intendente Rub\u00e9n Cuello. La guerra contra el Reino Unido por la soberan\u00eda de [&hellip;]<\/p>\n","protected":false},"author":3,"featured_media":18731,"comment_status":"open","ping_status":"open","sticky":false,"template":"","format":"standard","meta":{"_joinchat":[],"footnotes":""},"categories":[52],"tags":[],"class_list":{"0":"post-18730","1":"post","2":"type-post","3":"status-publish","4":"format-standard","5":"has-post-thumbnail","7":"category-calchaqui"},"_links":{"self":[{"href":"https:\/\/infovera.com.ar\/web\/wp-json\/wp\/v2\/posts\/18730","targetHints":{"allow":["GET"]}}],"collection":[{"href":"https:\/\/infovera.com.ar\/web\/wp-json\/wp\/v2\/posts"}],"about":[{"href":"https:\/\/infovera.com.ar\/web\/wp-json\/wp\/v2\/types\/post"}],"author":[{"embeddable":true,"href":"https:\/\/infovera.com.ar\/web\/wp-json\/wp\/v2\/users\/3"}],"replies":[{"embeddable":true,"href":"https:\/\/infovera.com.ar\/web\/wp-json\/wp\/v2\/comments?post=18730"}],"version-history":[{"count":0,"href":"https:\/\/infovera.com.ar\/web\/wp-json\/wp\/v2\/posts\/18730\/revisions"}],"wp:featuredmedia":[{"embeddable":true,"href":"https:\/\/infovera.com.ar\/web\/wp-json\/wp\/v2\/media\/18731"}],"wp:attachment":[{"href":"https:\/\/infovera.com.ar\/web\/wp-json\/wp\/v2\/media?parent=18730"}],"wp:term":[{"taxonomy":"category","embeddable":true,"href":"https:\/\/infovera.com.ar\/web\/wp-json\/wp\/v2\/categories?post=18730"},{"taxonomy":"post_tag","embeddable":true,"href":"https:\/\/infovera.com.ar\/web\/wp-json\/wp\/v2\/tags?post=18730"}],"curies":[{"name":"wp","href":"https:\/\/api.w.org\/{rel}","templated":true}]}}