{"id":18720,"date":"2021-04-02T14:42:43","date_gmt":"2021-04-02T17:42:43","guid":{"rendered":"https:\/\/infovera.com.ar\/web\/?p=18720"},"modified":"2021-04-02T14:42:43","modified_gmt":"2021-04-02T17:42:43","slug":"iniciaran-sumarios-administrativos-e-investigaran-en-profundidad-si-existieron-posibles-casos-de-vacunacion-incompatibles-con-grupos-esenciales","status":"publish","type":"post","link":"https:\/\/infovera.com.ar\/web\/2021\/04\/02\/iniciaran-sumarios-administrativos-e-investigaran-en-profundidad-si-existieron-posibles-casos-de-vacunacion-incompatibles-con-grupos-esenciales\/","title":{"rendered":"Iniciar\u00e1n sumarios administrativos e investigar\u00e1n en profundidad si existieron posibles casos de vacunaci\u00f3n incompatibles con grupos esenciales"},"content":{"rendered":"<p><strong>El gobernador Perotti decidi\u00f3 abrir sumarios administrativos a funcionarios de Recursos Humanos y de Administraci\u00f3n del ministerio de Educaci\u00f3n para esclarecer, si existieron o no, situaciones an\u00f3malas en el proceso de vacunaci\u00f3n.<\/strong><\/p>\n<p>El gobierno de la provincia de Santa Fe ratific\u00f3 todo el proceso operativo de vacunaci\u00f3n contra el Covid 19 que comenz\u00f3 con el suministro de la primera dosis de la vacuna a los grupos esenciales del servicio de salud y del \u00e1mbito docente, de acuerdo con el cronograma establecido.<\/p>\n<p>De este modo, ya fueron vacunados todos los profesionales del \u00e1rea de salud que se encuentran en la primera l\u00ednea de atenci\u00f3n, la gran mayor\u00eda de los docentes y se est\u00e1 culminando con la vacunaci\u00f3n de los grupos m\u00e1s vulnerables: adultos mayores de 80 a\u00f1os, residencias geri\u00e1tricas y residencias de personas con discapacidad.<\/p>\n<p>Ante la versi\u00f3n period\u00edstica de un posible error en el suministro de la vacuna contra el Covid a trabajadores del Ministerio de Cultura de la provincia, delegaci\u00f3n Rosario, el gobernador expres\u00f3: \u201cNo vamos a tolerar ning\u00fan error. Hay un objetivo claro y que nadie pude salirse del mismo que es la vacunaci\u00f3n ordenada por prioridades. Los responsables de una acci\u00f3n en contra de los objetivos que he propuesto, deber\u00e1n afrontar las sanciones que le correspondan\u201d indic\u00f3 Perotti.<\/p>\n<p>En este sentido, desde el gobierno de la provincia se inform\u00f3 que el chequeo de los docentes anotados que pod\u00edan acceder al proceso de vacunaci\u00f3n, fue realizado por el Ministerio de Educaci\u00f3n, que suministr\u00f3 ese registro de docentes, no docentes y asistentes escolares al Ministerio de Salud para que sea cruzado con los datos obrantes en su circuito de informaci\u00f3n.<\/p>\n<p>Frente a la aparici\u00f3n de versiones period\u00edsticas se\u00f1alando anomal\u00edas en la confecci\u00f3n del registro de solicitantes y la existencia de otras dependencias p\u00fablicas involucradas en el proceso de vacunaci\u00f3n, la Provincia ratific\u00f3 que ninguna otra repartici\u00f3n o ministerio estatal provincial gener\u00f3 un listado para vacunar a agentes pertenecientes al \u00e1mbito educativo.<\/p>\n<p>Es importante se\u00f1alar que existen docentes de educaci\u00f3n art\u00edstica que est\u00e1n vinculados al Ministerio de Cultura. Por su funci\u00f3n de docencia en las aulas y en proximidad con los alumnos, le corresponde estar vacunados. Quien no tiene horas c\u00e1tedra, no puede ni debe estar en el listado enviado por funcionarios del Ministerio de Educaci\u00f3n.<\/p>\n<p>Al mismo tiempo, desde el gobierno de la provincia se hizo un llamado a la responsabilidad de todos. Si un agente sabe fehacientemente que no le corresponde el turno y es llamado a vacunarse, debe ejercer la responsabilidad c\u00edvica que implica su funci\u00f3n en el Estado y reportar este hecho. Es importante evitar situaciones donde un agente estatal se aplica una dosis aprovech\u00e1ndose de una circunstancia an\u00f3mala para luego darle publicidad en las redes sociales a ese acto. El episodio se transforma en una conducta c\u00ednica e irresponsable.<\/p>\n<p><strong>SUMARIOS ADMINISTRATIVOS<\/strong><\/p>\n<p>El gobernador Omar Perotti ha decidido abrir un sumario administrativo a los funcionarios de las \u00e1reas de Recursos Humanos y de Administraci\u00f3n del Ministerio de Educaci\u00f3n para investigar primero, si existieron o no posibles situaciones an\u00f3malas en el proceso de vacunaci\u00f3n y luego, determinar eventuales responsabilidades en caso de que hubieren ocurrido en el marco del actual dispositivo sanitario.<\/p>\n<p>El mismo gobernador, ratific\u00f3 \u201cque no hay espacio para cometer errores o negligencias de ning\u00fan tipo, desde ning\u00fan ministerio, en medio del m\u00e1s trascendente proceso de vacunaci\u00f3n masiva que viene realizando nuestro pa\u00eds y que en la provincia, tiene un desarrollo sin inconvenientes y as\u00ed continuar\u00e1\u201d.<\/p>\n<p>Perotti expres\u00f3 que \u201csi hubiera alguna situaci\u00f3n para corregir, se har\u00e1 con la presteza y la velocidad que requiere la situaci\u00f3n. Pero que ni en mi caso particular (quien podr\u00eda recibir su dosis) como ning\u00fan ministro o funcionario va a acceder a la vacunaci\u00f3n, hasta tanto la situaci\u00f3n sanitaria lo indique y respetando todos los protocolos obrantes\u201d.<\/p>\n","protected":false},"excerpt":{"rendered":"<p>El gobernador Perotti decidi\u00f3 abrir sumarios administrativos a funcionarios de Recursos Humanos y de Administraci\u00f3n del ministerio de Educaci\u00f3n para esclarecer, si existieron o no, situaciones an\u00f3malas en el proceso de vacunaci\u00f3n. El gobierno de la provincia de Santa Fe ratific\u00f3 todo el proceso operativo de vacunaci\u00f3n contra el Covid 19 que comenz\u00f3 con el [&hellip;]<\/p>\n","protected":false},"author":3,"featured_media":18721,"comment_status":"open","ping_status":"open","sticky":false,"template":"","format":"standard","meta":{"_joinchat":[],"footnotes":""},"categories":[60],"tags":[],"class_list":{"0":"post-18720","1":"post","2":"type-post","3":"status-publish","4":"format-standard","5":"has-post-thumbnail","7":"category-provinciales"},"_links":{"self":[{"href":"https:\/\/infovera.com.ar\/web\/wp-json\/wp\/v2\/posts\/18720","targetHints":{"allow":["GET"]}}],"collection":[{"href":"https:\/\/infovera.com.ar\/web\/wp-json\/wp\/v2\/posts"}],"about":[{"href":"https:\/\/infovera.com.ar\/web\/wp-json\/wp\/v2\/types\/post"}],"author":[{"embeddable":true,"href":"https:\/\/infovera.com.ar\/web\/wp-json\/wp\/v2\/users\/3"}],"replies":[{"embeddable":true,"href":"https:\/\/infovera.com.ar\/web\/wp-json\/wp\/v2\/comments?post=18720"}],"version-history":[{"count":0,"href":"https:\/\/infovera.com.ar\/web\/wp-json\/wp\/v2\/posts\/18720\/revisions"}],"wp:featuredmedia":[{"embeddable":true,"href":"https:\/\/infovera.com.ar\/web\/wp-json\/wp\/v2\/media\/18721"}],"wp:attachment":[{"href":"https:\/\/infovera.com.ar\/web\/wp-json\/wp\/v2\/media?parent=18720"}],"wp:term":[{"taxonomy":"category","embeddable":true,"href":"https:\/\/infovera.com.ar\/web\/wp-json\/wp\/v2\/categories?post=18720"},{"taxonomy":"post_tag","embeddable":true,"href":"https:\/\/infovera.com.ar\/web\/wp-json\/wp\/v2\/tags?post=18720"}],"curies":[{"name":"wp","href":"https:\/\/api.w.org\/{rel}","templated":true}]}}