{"id":18713,"date":"2021-04-02T14:33:33","date_gmt":"2021-04-02T17:33:33","guid":{"rendered":"https:\/\/infovera.com.ar\/web\/?p=18713"},"modified":"2021-04-03T11:53:57","modified_gmt":"2021-04-03T14:53:57","slug":"congreso-el-socialismo-reclamo-que-se-incorpore-a-los-departamentos-vera-9-de-julio-y-general-obligado-al-programa-de-reduccion-de-aportes-patronales","status":"publish","type":"post","link":"https:\/\/infovera.com.ar\/web\/2021\/04\/02\/congreso-el-socialismo-reclamo-que-se-incorpore-a-los-departamentos-vera-9-de-julio-y-general-obligado-al-programa-de-reduccion-de-aportes-patronales\/","title":{"rendered":"Congreso: el Socialismo reclam\u00f3 que se incorpore a los departamentos Vera, 9 de Julio y General Obligado al programa de reducci\u00f3n de aportes patronales"},"content":{"rendered":"<p><strong>Luego de que el gobierno nacional dispusiera de un r\u00e9gimen de promoci\u00f3n de generaci\u00f3n de empleo destinado a los empleadores del norte del pa\u00eds con una reducci\u00f3n de contribuciones patronales, el Socialismo pidi\u00f3 incluir a los tres departamentos del norte provincial a este programa para generar m\u00e1s oportunidades de trabajo formal.<\/strong><\/p>\n<p>El diputado nacional del Bloque Socialista, Enrique Est\u00e9vez, present\u00f3 hoy en el Congreso un proyecto de resoluci\u00f3n para que se incluya a los empleadores de los departamentos General Obligado, Vera y 9 de Julio en los beneficios dispuestos por el Decreto 191\/2021, por el cual el gobierno nacional reducir\u00e1 aportes patronales para los empleadores radicados en el \u201cNorte Grande\u201d, compuesto por las provincias de Catamarca, Chaco, Corrientes, Formosa, Jujuy, La Rioja, Misiones, Salta, Santiago del Estero y Tucum\u00e1n.<\/p>\n<p>\u201cDejar afuera a los tres departamentos del norte santafesino es no entender la idiosincrasia y necesidades del norte argentino\u201d, enfatiz\u00f3 Est\u00e9vez, y dijo que \u201cnecesariamente deben incluirse los tres departamentos del norte de Santa Fe para lograr el pretendido equilibrio del norte argentino\u201d.<\/p>\n<p>El socialista explic\u00f3 que los departamentos de General Obligado, Vera y 9 de Julio comparten similitudes geogr\u00e1ficas, culturales, socioecon\u00f3micas, demogr\u00e1ficas y clim\u00e1ticas entre s\u00ed y con las tres provincias lim\u00edtrofes, Santiago del Estero, Chaco y Corrientes, as\u00ed como con el conjunto de las diez provincias del Norte Argentino.<\/p>\n<p>Asimismo, el secretario del Partido Socialista Federaci\u00f3n Santa Fe le pidi\u00f3 al gobierno provincial y a todos los legisladores nacionales por Santa Fe \u201csumarse a este reclamo\u201d con el fin de \u201cpromover el empleo formal\u201d.<\/p>\n<p>El objetivo central de la referida norma es la contrataci\u00f3n de nuevos trabajadores y trabajadoras por parte de empleadores y empleadoras radicados\/as en estas provincias, generando as\u00ed m\u00e1s trabajo formal, con el incentivo de una reducci\u00f3n de hasta el 80% de los aportes patronales que las empresas deben realizar por cada nuevo empleado o empleada que incremente la planta actual.<\/p>\n<p>\u201cEsta falta de conocimiento del territorio norte\u00f1o por parte de las autoridades nacionales ya tiene una vieja tradici\u00f3n\u201d, acot\u00f3 el legislador nacional; es que, pese a los reiterados pedidos, la gesti\u00f3n del ex presidente Mauricio Macri no incluy\u00f3 en el Plan Belgrano los tres departamentos del norte de Santa Fe. \u201cNo obstante, desde el Frente Progresista pusimos en marcha un ambicioso proyecto de desarrollo econ\u00f3mico y social para el norte santafesino, el Plan Del Norte, un proyecto de arraigo y de crecimiento para los departamentos General Obligado, Vera y 9 de Julio\u201d, explic\u00f3 el representante del Bloque Socialista.<\/p>\n<p>Asimismo, en el marco de la licitaci\u00f3n de la hidrov\u00eda Paran\u00e1 \u2013 Paraguay, el diputado socialista cont\u00f3 que present\u00f3 en el Congreso un pedido de informe para conocer los principales lineamientos de dicha concesi\u00f3n que expira en mayo, y dijo que dicha renovaci\u00f3n es \u201cestrat\u00e9gica porque es la oportunidad de generar crecimiento y desarrollo sustentable\u201d. En el mismo sentido, Enrique Est\u00e9vez remarc\u00f3 la necesidad de invertir y dar valor a los puertos del norte provincial, como es el caso de Villa Ocampo y de Reconquista.<\/p>\n","protected":false},"excerpt":{"rendered":"<p>Luego de que el gobierno nacional dispusiera de un r\u00e9gimen de promoci\u00f3n de generaci\u00f3n de empleo destinado a los empleadores del norte del pa\u00eds con una reducci\u00f3n de contribuciones patronales, el Socialismo pidi\u00f3 incluir a los tres departamentos del norte provincial a este programa para generar m\u00e1s oportunidades de trabajo formal. El diputado nacional del [&hellip;]<\/p>\n","protected":false},"author":3,"featured_media":18715,"comment_status":"open","ping_status":"open","sticky":false,"template":"","format":"standard","meta":{"_joinchat":[],"footnotes":""},"categories":[1],"tags":[],"class_list":{"0":"post-18713","1":"post","2":"type-post","3":"status-publish","4":"format-standard","5":"has-post-thumbnail","7":"category-sin-categoria"},"_links":{"self":[{"href":"https:\/\/infovera.com.ar\/web\/wp-json\/wp\/v2\/posts\/18713","targetHints":{"allow":["GET"]}}],"collection":[{"href":"https:\/\/infovera.com.ar\/web\/wp-json\/wp\/v2\/posts"}],"about":[{"href":"https:\/\/infovera.com.ar\/web\/wp-json\/wp\/v2\/types\/post"}],"author":[{"embeddable":true,"href":"https:\/\/infovera.com.ar\/web\/wp-json\/wp\/v2\/users\/3"}],"replies":[{"embeddable":true,"href":"https:\/\/infovera.com.ar\/web\/wp-json\/wp\/v2\/comments?post=18713"}],"version-history":[{"count":0,"href":"https:\/\/infovera.com.ar\/web\/wp-json\/wp\/v2\/posts\/18713\/revisions"}],"wp:featuredmedia":[{"embeddable":true,"href":"https:\/\/infovera.com.ar\/web\/wp-json\/wp\/v2\/media\/18715"}],"wp:attachment":[{"href":"https:\/\/infovera.com.ar\/web\/wp-json\/wp\/v2\/media?parent=18713"}],"wp:term":[{"taxonomy":"category","embeddable":true,"href":"https:\/\/infovera.com.ar\/web\/wp-json\/wp\/v2\/categories?post=18713"},{"taxonomy":"post_tag","embeddable":true,"href":"https:\/\/infovera.com.ar\/web\/wp-json\/wp\/v2\/tags?post=18713"}],"curies":[{"name":"wp","href":"https:\/\/api.w.org\/{rel}","templated":true}]}}