{"id":18693,"date":"2021-03-31T23:00:25","date_gmt":"2021-04-01T02:00:25","guid":{"rendered":"https:\/\/infovera.com.ar\/web\/?p=18693"},"modified":"2021-04-01T12:02:04","modified_gmt":"2021-04-01T15:02:04","slug":"fallecio-monsenor-fabriciano-sigampa-el-mentor-de-los-oratorios-de-la-diocesis","status":"publish","type":"post","link":"https:\/\/infovera.com.ar\/web\/2021\/03\/31\/fallecio-monsenor-fabriciano-sigampa-el-mentor-de-los-oratorios-de-la-diocesis\/","title":{"rendered":"Falleci\u00f3 monse\u00f1or Fabriciano Sigampa, el mentor de los oratorios de la di\u00f3cesis"},"content":{"rendered":"<div class=\"kvgmc6g5 cxmmr5t8 oygrvhab hcukyx3x c1et5uql ii04i59q\">\n<div dir=\"auto\"><strong>La Di\u00f3cesis de La Rioja comunic\u00f3 con profundo dolor el fallecimiento de Monse\u00f1or Fabriciano Sigampa, quien fuera obispo de Reconquista, el 5\u00b0 Obispo Diocesano de La Rioja y Arzobispo Em\u00e9rito de Resistencia.<\/strong><\/div>\n<\/div>\n<div class=\"o9v6fnle cxmmr5t8 oygrvhab hcukyx3x c1et5uql ii04i59q\">\n<div dir=\"auto\"><\/div>\n<div dir=\"auto\">Su deceso se produjo a las 16:42 de este mi\u00e9rcoles 31 de marzo, en la Iglesia Catedral y Santuario de San Nicol\u00e1s, instantes antes a la celebraci\u00f3n de la Misa Crismal.<\/div>\n<\/div>\n<div class=\"o9v6fnle cxmmr5t8 oygrvhab hcukyx3x c1et5uql ii04i59q\">\n<div dir=\"auto\"><\/div>\n<div dir=\"auto\">Sus restos ser\u00e1n velados en la Iglesia Catedral, con celebraci\u00f3n de misa de cuerpo presente a las 20:00 hs., d\u00f3nde permanecer\u00e1 hasta las 00:00 hs.<\/div>\n<\/div>\n<div class=\"o9v6fnle cxmmr5t8 oygrvhab hcukyx3x c1et5uql ii04i59q\">\n<div dir=\"auto\"><\/div>\n<div dir=\"auto\">El d\u00eda jueves 1 de abril a las 6:00 hs. las puertas del templo Catedral se abrir\u00e1n para que los fieles puedan despedir a Mons. Fabriciano Sigampa hasta las 12:00 hs. en la que se celebrar\u00e1 la misa exequial y posterior sepultura en el Pante\u00f3n de los Obispos.<\/div>\n<\/div>\n<div class=\"o9v6fnle cxmmr5t8 oygrvhab hcukyx3x c1et5uql ii04i59q\">\n<div dir=\"auto\"><\/div>\n<\/div>\n<div class=\"o9v6fnle cxmmr5t8 oygrvhab hcukyx3x c1et5uql ii04i59q\">\n<div dir=\"auto\">El velorio y las celebraciones lit\u00fargicas se har\u00e1n siguiendo los protocolos dispuestos por las autoridades sanitarias.<\/div>\n<\/div>\n<div dir=\"auto\"><\/div>\n<div dir=\"auto\">En su paso por la di\u00f3cesis de Reconquista impuls\u00f3 la construcci\u00f3n de oratorios en los ingresos a la ciudades, sobre la Ruta 11.<\/div>\n<div class=\"o9v6fnle cxmmr5t8 oygrvhab hcukyx3x c1et5uql ii04i59q\">\n<div dir=\"auto\"><\/div>\n<div dir=\"auto\">Q.E.P.D.<\/div>\n<\/div>\n","protected":false},"excerpt":{"rendered":"<p>La Di\u00f3cesis de La Rioja comunic\u00f3 con profundo dolor el fallecimiento de Monse\u00f1or Fabriciano Sigampa, quien fuera obispo de Reconquista, el 5\u00b0 Obispo Diocesano de La Rioja y Arzobispo Em\u00e9rito de Resistencia. Su deceso se produjo a las 16:42 de este mi\u00e9rcoles 31 de marzo, en la Iglesia Catedral y Santuario de San Nicol\u00e1s, instantes [&hellip;]<\/p>\n","protected":false},"author":3,"featured_media":18694,"comment_status":"open","ping_status":"open","sticky":false,"template":"","format":"standard","meta":{"_joinchat":[],"footnotes":""},"categories":[55],"tags":[],"class_list":{"0":"post-18693","1":"post","2":"type-post","3":"status-publish","4":"format-standard","5":"has-post-thumbnail","7":"category-reconquista"},"_links":{"self":[{"href":"https:\/\/infovera.com.ar\/web\/wp-json\/wp\/v2\/posts\/18693","targetHints":{"allow":["GET"]}}],"collection":[{"href":"https:\/\/infovera.com.ar\/web\/wp-json\/wp\/v2\/posts"}],"about":[{"href":"https:\/\/infovera.com.ar\/web\/wp-json\/wp\/v2\/types\/post"}],"author":[{"embeddable":true,"href":"https:\/\/infovera.com.ar\/web\/wp-json\/wp\/v2\/users\/3"}],"replies":[{"embeddable":true,"href":"https:\/\/infovera.com.ar\/web\/wp-json\/wp\/v2\/comments?post=18693"}],"version-history":[{"count":0,"href":"https:\/\/infovera.com.ar\/web\/wp-json\/wp\/v2\/posts\/18693\/revisions"}],"wp:featuredmedia":[{"embeddable":true,"href":"https:\/\/infovera.com.ar\/web\/wp-json\/wp\/v2\/media\/18694"}],"wp:attachment":[{"href":"https:\/\/infovera.com.ar\/web\/wp-json\/wp\/v2\/media?parent=18693"}],"wp:term":[{"taxonomy":"category","embeddable":true,"href":"https:\/\/infovera.com.ar\/web\/wp-json\/wp\/v2\/categories?post=18693"},{"taxonomy":"post_tag","embeddable":true,"href":"https:\/\/infovera.com.ar\/web\/wp-json\/wp\/v2\/tags?post=18693"}],"curies":[{"name":"wp","href":"https:\/\/api.w.org\/{rel}","templated":true}]}}