{"id":18690,"date":"2021-04-01T11:00:29","date_gmt":"2021-04-01T14:00:29","guid":{"rendered":"https:\/\/infovera.com.ar\/web\/?p=18690"},"modified":"2021-04-02T14:55:40","modified_gmt":"2021-04-02T17:55:40","slug":"asumira-la-nueva-conduccion-del-colegio-de-abogados","status":"publish","type":"post","link":"https:\/\/infovera.com.ar\/web\/2021\/04\/01\/asumira-la-nueva-conduccion-del-colegio-de-abogados\/","title":{"rendered":"Asumir\u00e1 la nueva conducci\u00f3n del Colegio de Abogados"},"content":{"rendered":"<p><strong>El pr\u00f3ximo viernes 09 de abril, a las 18:30, en el auditorio del Colegio de Abogados se llevar\u00e1 a cabo el acto de asunci\u00f3n de las nuevas autoridades para el per\u00edodo 2021\/ 2022.<\/strong><\/p>\n<p>Debido a razones de p\u00fablico conocimiento relativo a la Pandemia desatada por el virus COVID -19, dicho acto se llevar\u00e1 adelante con la presencia restringida de p\u00fablico, de conformidad con las normativas vigentes que rigen los protocolos para este tipo de reuniones.<\/p>\n<p>A continuaci\u00f3n se detallan las autoridades que asumen:<\/p>\n<p>DIRECTORIO<br \/>\nPresidenta: Dra. Elsa Patricia VIRILI<br \/>\nVice-Presisidenta: Dra. Lilia Daniela SOSA GERELLI<br \/>\nSecretario: Dr. Eduardo Andr\u00e9s GALLO<br \/>\nTesorera: Dra. Mariela Carina GOI<\/p>\n<p>Vocales Titulares:<br \/>\n1) Dr. Mart\u00edn Alejandro CASCO<br \/>\n2) Dr. Sergio Pablo ABET<br \/>\n3) Dra. Amalia ALMIR\u00d3N SAGER<br \/>\n4) Dra. Florencia Sof\u00eda JUAREZ<\/p>\n<p>Vocales Suplentes:<br \/>\n1) Dr. Eduardo Marcelo DOLAN<br \/>\n2) Dra. Lelia Agostina MONTOYA ZAGNI<br \/>\n3) Dra. Marisol Jael CIAN<br \/>\n4) Dra. Valeria Gabriela GAUNA<\/p>\n<p>TRIBUNAL DE DISCIPLINA:<br \/>\nTitulares:<br \/>\n1) Dr. H\u00e9ctor Luis VIZCAY<br \/>\n2) Dra. Mariel Elisabet GAVILAN<br \/>\n3) Dra. Mar\u00eda Isabel KEES<\/p>\n<p>Suplentes:<br \/>\n1) Dr. Patricio Omar PARMA<br \/>\n2) Dr. Oscar Dar\u00edo VER\u00d3N<br \/>\n3) Dra. Ana Claudia LAMAS<\/p>\n","protected":false},"excerpt":{"rendered":"<p>El pr\u00f3ximo viernes 09 de abril, a las 18:30, en el auditorio del Colegio de Abogados se llevar\u00e1 a cabo el acto de asunci\u00f3n de las nuevas autoridades para el per\u00edodo 2021\/ 2022. Debido a razones de p\u00fablico conocimiento relativo a la Pandemia desatada por el virus COVID -19, dicho acto se llevar\u00e1 adelante con [&hellip;]<\/p>\n","protected":false},"author":3,"featured_media":18691,"comment_status":"open","ping_status":"open","sticky":false,"template":"","format":"standard","meta":{"_joinchat":[],"footnotes":""},"categories":[55],"tags":[],"class_list":{"0":"post-18690","1":"post","2":"type-post","3":"status-publish","4":"format-standard","5":"has-post-thumbnail","7":"category-reconquista"},"_links":{"self":[{"href":"https:\/\/infovera.com.ar\/web\/wp-json\/wp\/v2\/posts\/18690","targetHints":{"allow":["GET"]}}],"collection":[{"href":"https:\/\/infovera.com.ar\/web\/wp-json\/wp\/v2\/posts"}],"about":[{"href":"https:\/\/infovera.com.ar\/web\/wp-json\/wp\/v2\/types\/post"}],"author":[{"embeddable":true,"href":"https:\/\/infovera.com.ar\/web\/wp-json\/wp\/v2\/users\/3"}],"replies":[{"embeddable":true,"href":"https:\/\/infovera.com.ar\/web\/wp-json\/wp\/v2\/comments?post=18690"}],"version-history":[{"count":0,"href":"https:\/\/infovera.com.ar\/web\/wp-json\/wp\/v2\/posts\/18690\/revisions"}],"wp:featuredmedia":[{"embeddable":true,"href":"https:\/\/infovera.com.ar\/web\/wp-json\/wp\/v2\/media\/18691"}],"wp:attachment":[{"href":"https:\/\/infovera.com.ar\/web\/wp-json\/wp\/v2\/media?parent=18690"}],"wp:term":[{"taxonomy":"category","embeddable":true,"href":"https:\/\/infovera.com.ar\/web\/wp-json\/wp\/v2\/categories?post=18690"},{"taxonomy":"post_tag","embeddable":true,"href":"https:\/\/infovera.com.ar\/web\/wp-json\/wp\/v2\/tags?post=18690"}],"curies":[{"name":"wp","href":"https:\/\/api.w.org\/{rel}","templated":true}]}}