{"id":18685,"date":"2021-04-01T11:39:58","date_gmt":"2021-04-01T14:39:58","guid":{"rendered":"https:\/\/infovera.com.ar\/web\/?p=18685"},"modified":"2021-04-02T14:55:22","modified_gmt":"2021-04-02T17:55:22","slug":"billetera-santa-fe-con-mas-de-195-mil-usuarios-el-programa-ya-registro-operaciones-por-mas-de-914-millones-de-pesos","status":"publish","type":"post","link":"https:\/\/infovera.com.ar\/web\/2021\/04\/01\/billetera-santa-fe-con-mas-de-195-mil-usuarios-el-programa-ya-registro-operaciones-por-mas-de-914-millones-de-pesos\/","title":{"rendered":"Billetera Santa Fe: con m\u00e1s de 195 mil usuarios el programa ya registr\u00f3 operaciones por m\u00e1s de 914 millones de pesos"},"content":{"rendered":"<p><strong>En la primera etapa se alcanzaron m\u00e1s de 440 mil operaciones. En la segunda etapa, que comienza el primero de abril, se suman nuevos rubros y se busca continuar incorporando usuarios y comercios adheridos.<\/strong><\/p>\n<p>El Gobierno Provincial, a trav\u00e9s de la Secretar\u00eda de Comercio Interior y Servicios del Ministerio de Producci\u00f3n, Ciencia y Tecnolog\u00eda, brind\u00f3 detalles de la marcha del Programa Billetera Santa Fe, herramienta que busca activar el consumo e incrementar las ventas en comercios locales a partir de beneficios y reintegros exclusivos, que culmina su primera etapa de implementaci\u00f3n y prev\u00e9 continuar extendi\u00e9ndose a nuevos rubros y m\u00e1s comercios.<\/p>\n<p>Al respecto, el secretario de Comercio Interior y Servicios, Juan Marcos Aviano indic\u00f3: \u201cBilletera Santa Fe crece d\u00eda a d\u00eda, el desempe\u00f1o que tiene el programa es \u00f3ptimo y, en esta segunda etapa que arranca el primero de abril, vamos a continuar intensificando los esfuerzos para que se sigan sum\u00e1ndose santafesinas y santafesinos y tambi\u00e9n comercios de toda la provincia\u201d.<\/p>\n<p>Dando n\u00fameros de la herramienta, Aviano inform\u00f3: \u201cA la fecha ya llevamos 195 mil usuarios, m\u00e1s de 4200 comercios, lo que significan alrededor 4800 locaciones, es decir, locales comerciales que operan con Billetera y m\u00e1s de 440 mil operaciones por un monto superior a los 914 millones de pesos. Esos son los n\u00fameros que arroj\u00f3 la primera etapa del programa que nos deja muy conformes y satisfechos\u201d.<\/p>\n<p>Entre las novedades para la nueva etapa de la herramienta, Aviano destac\u00f3 que \u201cen los pr\u00f3ximos d\u00edas ya estar\u00e1 disponible para Iphone y ser\u00e1 posible descargar en tecnolog\u00eda iOS desde App Store, un pedido que ven\u00edamos teniendo de un sector de consumidores que tiene este tipo de tel\u00e9fonos y no pod\u00eda bajar el instrumento\u201d. Adem\u00e1s inform\u00f3 que de cara al futuro \u201cse trabajar\u00e1 en avanzar en los rubros que a\u00fan falta tener un desarrollo y una penetraci\u00f3n m\u00e1s importante\u201d.<\/p>\n<p>En relaci\u00f3n a los rubros en donde el programa mejor funciona, el secretario de Comercio Interior detall\u00f3: \u201cSupermercados y farmacias, son los sectores que m\u00e1s ventas tienen, rubros en los que se originan reintegros todos los d\u00edas y que continuar\u00e1n funcionando de igual manera en esta segunda etapa. En relaci\u00f3n a ese beneficio tambi\u00e9n hay que destacar que incorporamos el turismo y la gastronom\u00eda, instancias en las que correr\u00e1 el 30% todos los d\u00edas desde el primero de abril. El objetivo de esta medida es sumar caba\u00f1as, hoteles, residenciales, hostels, restaurantes, bares, rotiserias y todos estos rubros que sabemos son de importante movimiento comercial en momentos receptivo como es la semana santa. Pensar que santafesinos y santafesinas elijan la provincia para vacacionar, tengan Billetera Santa Fe y pueda obtener reintegros es importante, pero necesitamos tambi\u00e9n que el sector comercial lo interprete y vea en este medio de pago una gran oportunidad de incrementar sus ventas.<\/p>\n<p><strong>\u201cBILLETERA SANTA FE VINO PARA QUEDARSE\u201d<\/strong><\/p>\n<p>\u201cBilletera Santa Fe vino para quedarse, el gobernador Perotti est\u00e1 diariamente detr\u00e1s del programa, queriendo interiorizarse sobre su desempe\u00f1o y tratando de darlo a conocer en los lugares que a\u00fan falta apuntalarlo. Hoy tenemos 200 localidades con comercios adheridos pero queremos llegar a muchas m\u00e1s. Esa es la tarea que estamos llevando adelante, con recorridas semanales por pueblos y ciudades. Hemos visitado los 19 departamentos de la provincia promocionando la herramienta, en articulaci\u00f3n con entidades como Fececo, Adesa o con los centros comerciales distritales y en conjunto con Plus Pagos y el Banco Santa Fe en un trabajo mancomunado in\u00e9dito en la provincia\u201d, subray\u00f3 Aviano.<\/p>\n<p>Para finalizar, el funcionario provincial remarc\u00f3: \u201cDesde el primero de abril el programa contin\u00faa, incorporando nuevos rubros como colchoner\u00edas, marroquiner\u00edas, bazares, helader\u00edas, regaler\u00edas y locales de art\u00edculos de limpieza, que se suman a los que ya vienen incorporados como supermercados, farmacias, bares y restoranes, entre otros\u201d.<\/p>\n<p><strong>BILLETERA SANTA FE<\/strong><\/p>\n<p>Billetera Santa Fe otorga un 30 por ciento de descuento en alimentos, indumentaria, calzados, jugueter\u00eda, librer\u00eda, bares, restaurantes, farmacias y turismo, y un 20 por ciento en electrodom\u00e9sticos. El reintegro es solventado por el gobierno de Santa Fe en un 85 por ciento, y el 15 por ciento restante est\u00e1 a cargo del comercio. El dinero se acredita a las 24 horas h\u00e1biles de realizada la compra en el &#8220;Saldo Virtual de la Billetera&#8221;, con un tope de reintegro 5.000 pesos por mes.<\/p>\n<p>El consumidor que deber\u00e1 acceder deber\u00e1 tener domicilio en la provincia de Santa Fe y ser mayor de 18 a\u00f1os. Adem\u00e1s debe tener un dispositivo m\u00f3vil, descargarse la aplicaci\u00f3n billetera Plus Pagos, y abonar los bienes y servicios con saldo virtual de la billetera o con cualquier tarjeta de d\u00e9bito que est\u00e9 adherida en la billetera Plus Pagos.<\/p>\n<p>En tanto, los comercios deben tributar en la provincia de Santa Fe, tienen que estar inscriptos en AFIP y API, y tener una cuenta o realizar la apertura de una cuenta en el Banco Santa Fe que los habilitar\u00e1 para operar con Plus Cobros QR. El comercio deber\u00e1 registrarse en la web del Banco Santa Fe, obteniendo una cuenta o vinculando la existente en simples pasos.<\/p>\n","protected":false},"excerpt":{"rendered":"<p>En la primera etapa se alcanzaron m\u00e1s de 440 mil operaciones. En la segunda etapa, que comienza el primero de abril, se suman nuevos rubros y se busca continuar incorporando usuarios y comercios adheridos. El Gobierno Provincial, a trav\u00e9s de la Secretar\u00eda de Comercio Interior y Servicios del Ministerio de Producci\u00f3n, Ciencia y Tecnolog\u00eda, brind\u00f3 [&hellip;]<\/p>\n","protected":false},"author":3,"featured_media":18687,"comment_status":"open","ping_status":"open","sticky":false,"template":"","format":"standard","meta":{"_joinchat":[],"footnotes":""},"categories":[60],"tags":[],"class_list":{"0":"post-18685","1":"post","2":"type-post","3":"status-publish","4":"format-standard","5":"has-post-thumbnail","7":"category-provinciales"},"_links":{"self":[{"href":"https:\/\/infovera.com.ar\/web\/wp-json\/wp\/v2\/posts\/18685","targetHints":{"allow":["GET"]}}],"collection":[{"href":"https:\/\/infovera.com.ar\/web\/wp-json\/wp\/v2\/posts"}],"about":[{"href":"https:\/\/infovera.com.ar\/web\/wp-json\/wp\/v2\/types\/post"}],"author":[{"embeddable":true,"href":"https:\/\/infovera.com.ar\/web\/wp-json\/wp\/v2\/users\/3"}],"replies":[{"embeddable":true,"href":"https:\/\/infovera.com.ar\/web\/wp-json\/wp\/v2\/comments?post=18685"}],"version-history":[{"count":0,"href":"https:\/\/infovera.com.ar\/web\/wp-json\/wp\/v2\/posts\/18685\/revisions"}],"wp:featuredmedia":[{"embeddable":true,"href":"https:\/\/infovera.com.ar\/web\/wp-json\/wp\/v2\/media\/18687"}],"wp:attachment":[{"href":"https:\/\/infovera.com.ar\/web\/wp-json\/wp\/v2\/media?parent=18685"}],"wp:term":[{"taxonomy":"category","embeddable":true,"href":"https:\/\/infovera.com.ar\/web\/wp-json\/wp\/v2\/categories?post=18685"},{"taxonomy":"post_tag","embeddable":true,"href":"https:\/\/infovera.com.ar\/web\/wp-json\/wp\/v2\/tags?post=18685"}],"curies":[{"name":"wp","href":"https:\/\/api.w.org\/{rel}","templated":true}]}}