{"id":18573,"date":"2021-03-30T09:37:16","date_gmt":"2021-03-30T12:37:16","guid":{"rendered":"https:\/\/infovera.com.ar\/web\/?p=18573"},"modified":"2021-03-31T14:27:19","modified_gmt":"2021-03-31T17:27:19","slug":"sosa-entrego-aportes-a-instituciones-de-margarita","status":"publish","type":"post","link":"https:\/\/infovera.com.ar\/web\/2021\/03\/30\/sosa-entrego-aportes-a-instituciones-de-margarita\/","title":{"rendered":"Sosa entreg\u00f3 aportes a instituciones de Margarita"},"content":{"rendered":"<p><strong>El senador visit\u00f3 la localidad de Margarita en el marco de un &#8220;acompa\u00f1amiento continuo que venimos haciendo a las instituciones&#8221;.<\/strong><\/p>\n<p>En primer lugar, se reuni\u00f3 con autoridades de la Escuela N\u00b0580 del Paraje &#8220;El Toba&#8221;, instituci\u00f3n con la cual &#8220;venimos trabajando hace much\u00edsimo tiempo y venimos generando diversos proyectos para esa comunidad educativa. Adem\u00e1s, hicimos entrega de recursos econ\u00f3micos provenientes del programa de Fortalecimiento Institucional&#8221;, se\u00f1al\u00f3.<\/p>\n<p>&#8220;Continuamos con nuestra visita a la Biblioteca Popular de la localidad, para interiorizarnos de las dificultades diarias y de los obst\u00e1culos que muchas veces encuentran para su buen funcionamiento. Valoro much\u00edsimo las bibliotecas y la funci\u00f3n que cumplen con la sociedad, y en sentido tambi\u00e9n pudimos gestionar un aporte para ayudar a mejorar el funcionamiento de tan importante entidad.<\/p>\n<p>Para culminar realizamos la entrega de fondos para el CER 534 para llevar adelante diferentes actividades que vienen programando. Tambi\u00e9n dialogamos sobre la actualidad educativa con respecto a la pandemia y al esfuerzo permanente que realizan los CER para funcionar&#8221;, concluy\u00f3 el senador.<\/p>\n","protected":false},"excerpt":{"rendered":"<p>El senador visit\u00f3 la localidad de Margarita en el marco de un &#8220;acompa\u00f1amiento continuo que venimos haciendo a las instituciones&#8221;. En primer lugar, se reuni\u00f3 con autoridades de la Escuela N\u00b0580 del Paraje &#8220;El Toba&#8221;, instituci\u00f3n con la cual &#8220;venimos trabajando hace much\u00edsimo tiempo y venimos generando diversos proyectos para esa comunidad educativa. Adem\u00e1s, hicimos [&hellip;]<\/p>\n","protected":false},"author":3,"featured_media":18574,"comment_status":"open","ping_status":"open","sticky":false,"template":"","format":"standard","meta":{"_joinchat":[],"footnotes":""},"categories":[54],"tags":[],"class_list":{"0":"post-18573","1":"post","2":"type-post","3":"status-publish","4":"format-standard","5":"has-post-thumbnail","7":"category-margarita"},"_links":{"self":[{"href":"https:\/\/infovera.com.ar\/web\/wp-json\/wp\/v2\/posts\/18573","targetHints":{"allow":["GET"]}}],"collection":[{"href":"https:\/\/infovera.com.ar\/web\/wp-json\/wp\/v2\/posts"}],"about":[{"href":"https:\/\/infovera.com.ar\/web\/wp-json\/wp\/v2\/types\/post"}],"author":[{"embeddable":true,"href":"https:\/\/infovera.com.ar\/web\/wp-json\/wp\/v2\/users\/3"}],"replies":[{"embeddable":true,"href":"https:\/\/infovera.com.ar\/web\/wp-json\/wp\/v2\/comments?post=18573"}],"version-history":[{"count":0,"href":"https:\/\/infovera.com.ar\/web\/wp-json\/wp\/v2\/posts\/18573\/revisions"}],"wp:featuredmedia":[{"embeddable":true,"href":"https:\/\/infovera.com.ar\/web\/wp-json\/wp\/v2\/media\/18574"}],"wp:attachment":[{"href":"https:\/\/infovera.com.ar\/web\/wp-json\/wp\/v2\/media?parent=18573"}],"wp:term":[{"taxonomy":"category","embeddable":true,"href":"https:\/\/infovera.com.ar\/web\/wp-json\/wp\/v2\/categories?post=18573"},{"taxonomy":"post_tag","embeddable":true,"href":"https:\/\/infovera.com.ar\/web\/wp-json\/wp\/v2\/tags?post=18573"}],"curies":[{"name":"wp","href":"https:\/\/api.w.org\/{rel}","templated":true}]}}