{"id":18525,"date":"2021-03-28T16:10:08","date_gmt":"2021-03-28T19:10:08","guid":{"rendered":"https:\/\/infovera.com.ar\/web\/?p=18525"},"modified":"2021-03-29T12:20:53","modified_gmt":"2021-03-29T15:20:53","slug":"le-robaron-la-moto-cuando-estaba-pescando-pide-ayuda-a-la-comunidad-para-poder-recuperarla","status":"publish","type":"post","link":"https:\/\/infovera.com.ar\/web\/2021\/03\/28\/le-robaron-la-moto-cuando-estaba-pescando-pide-ayuda-a-la-comunidad-para-poder-recuperarla\/","title":{"rendered":"Le robaron la moto cuando estaba pescando, pide ayuda a la comunidad para poder recuperarla"},"content":{"rendered":"<p><strong>Un vecino de Vera sufri\u00f3 el robo de su ciclomotor.<\/strong><\/p>\n<p>Javier Ju\u00e1rez, de 37 a\u00f1os, denunci\u00f3 el s\u00e1bado el robo de su moto, una Honda Wave 110 cc, de color azul.<\/p>\n<p>De acuerdo al relato brindado a la polic\u00eda, ese d\u00eda se fue a pescar al arroyo El Toba. Tras circular por la Ruta 11, arrib\u00f3 al lugar y unos 100 metros antes del curso de agua baj\u00f3 por un camino que va hacia el este.<\/p>\n<p>Una vez all\u00ed, dej\u00f3 su moto estacionada junto a un port\u00f3n y se adentr\u00f3, junto a un compa\u00f1ero de pesca, unos 300 metros siguiendo la l\u00ednea del arroyo.<\/p>\n<p>Cerca de las 19:30, al notar que se hac\u00eda de noche, decidi\u00f3 emprender el regreso. Pero al llegar a la tranquera, la moto no estaba. Se la hab\u00edan robado, violando el seguro antirrobo que tiene.<\/p>\n<p>&#8220;Me la robaron el s\u00e1bado por la tarde en El Toba, ya hice la denuncia, la necesito para trabajar&#8221;, dijo a<strong> InfoVera<\/strong>, y solicit\u00f3 la ayuda de la comunidad para dar con su moto. Cualquier dato sobre la misma puede ser aportado a su <strong>tel\u00e9fono celular: 3491 &#8211; 464 499<\/strong>.<\/p>\n<p>Juarez aporto rasgos caracter\u00edsticos de birrodado sustra\u00eddo: una calcoman\u00eda de una mano con el pulgar, el \u00edndice y el me\u00f1ique levantados, pegada en lateral derecho del asiento, ruedas rodado 17, sin pl\u00e1sticos del tablero y sin espejos.<\/p>\n<p>&nbsp;<\/p>\n","protected":false},"excerpt":{"rendered":"<p>Un vecino de Vera sufri\u00f3 el robo de su ciclomotor. Javier Ju\u00e1rez, de 37 a\u00f1os, denunci\u00f3 el s\u00e1bado el robo de su moto, una Honda Wave 110 cc, de color azul. De acuerdo al relato brindado a la polic\u00eda, ese d\u00eda se fue a pescar al arroyo El Toba. Tras circular por la Ruta 11, [&hellip;]<\/p>\n","protected":false},"author":3,"featured_media":18527,"comment_status":"open","ping_status":"open","sticky":false,"template":"","format":"standard","meta":{"_joinchat":[],"footnotes":""},"categories":[30,53],"tags":[],"class_list":{"0":"post-18525","1":"post","2":"type-post","3":"status-publish","4":"format-standard","5":"has-post-thumbnail","7":"category-policiales","8":"category-vera"},"_links":{"self":[{"href":"https:\/\/infovera.com.ar\/web\/wp-json\/wp\/v2\/posts\/18525","targetHints":{"allow":["GET"]}}],"collection":[{"href":"https:\/\/infovera.com.ar\/web\/wp-json\/wp\/v2\/posts"}],"about":[{"href":"https:\/\/infovera.com.ar\/web\/wp-json\/wp\/v2\/types\/post"}],"author":[{"embeddable":true,"href":"https:\/\/infovera.com.ar\/web\/wp-json\/wp\/v2\/users\/3"}],"replies":[{"embeddable":true,"href":"https:\/\/infovera.com.ar\/web\/wp-json\/wp\/v2\/comments?post=18525"}],"version-history":[{"count":0,"href":"https:\/\/infovera.com.ar\/web\/wp-json\/wp\/v2\/posts\/18525\/revisions"}],"wp:featuredmedia":[{"embeddable":true,"href":"https:\/\/infovera.com.ar\/web\/wp-json\/wp\/v2\/media\/18527"}],"wp:attachment":[{"href":"https:\/\/infovera.com.ar\/web\/wp-json\/wp\/v2\/media?parent=18525"}],"wp:term":[{"taxonomy":"category","embeddable":true,"href":"https:\/\/infovera.com.ar\/web\/wp-json\/wp\/v2\/categories?post=18525"},{"taxonomy":"post_tag","embeddable":true,"href":"https:\/\/infovera.com.ar\/web\/wp-json\/wp\/v2\/tags?post=18525"}],"curies":[{"name":"wp","href":"https:\/\/api.w.org\/{rel}","templated":true}]}}