{"id":18509,"date":"2021-03-27T15:38:07","date_gmt":"2021-03-27T18:38:07","guid":{"rendered":"https:\/\/infovera.com.ar\/web\/?p=18509"},"modified":"2021-03-27T15:38:07","modified_gmt":"2021-03-27T18:38:07","slug":"perotti-encabezo-una-reunion-de-gabinete-ampliado-donde-analizo-la-marcha-de-la-gestion","status":"publish","type":"post","link":"https:\/\/infovera.com.ar\/web\/2021\/03\/27\/perotti-encabezo-una-reunion-de-gabinete-ampliado-donde-analizo-la-marcha-de-la-gestion\/","title":{"rendered":"Perotti encabez\u00f3 una reuni\u00f3n de gabinete ampliado donde analiz\u00f3 la marcha de la gesti\u00f3n"},"content":{"rendered":"<p><strong>El gobernador de la provincia mantuvo una videoconferencia donde les plante\u00f3 &#8220;no parar el ritmo actual, seguir trabajando y avanzando en todas las \u00e1reas pero tomando todos los cuidados necesarios por la pandemia&#8221;.<\/strong><\/p>\n<p>El gobernador de la provincia, Omar Perotti encabez\u00f3 este s\u00e1bado la convocatoria en la que junto a la totalidad de los integrantes de su gabinete deline\u00f3 las acciones centrales que se van a llevar adelante en distintas \u00e1reas de su gesti\u00f3n.<br \/>\n&#8220;Vamos a continuar con este ritmo de gesti\u00f3n, debemos seguir avanzando, trabajando full time pero tomando todos los cuidados necesarios al desarrollar las tareas&#8221;, indic\u00f3 el mandatario provincial a su gabinete.<\/p>\n<p>Perotti tambi\u00e9n hizo un repaso por los puntos salientes de las medidas tomadas en los \u00faltimos meses.<\/p>\n<p>El encuentro se desarroll\u00f3 bajo la modalidad de videoconferencia y durante el mismo traz\u00f3 las l\u00edneas centrales de la estrategia gubernamental para mantener los mayores niveles de actividad frente a la segunda ola de la pandemia, c\u00f3mo se van a desarrollar y comunicar estos actos de gesti\u00f3n.<\/p>\n<p>El gabinete ampliado se reuni\u00f3 para hacer un punteo concreto de las medidas y los trabajos preventivos que se vienen desarrollando ante la posible irrupci\u00f3n de una segunda ola de Covid y el detalle de lo que se viene realizando en conjunto con la Naci\u00f3n en este tema.<\/p>\n<p>Una de las ideas que Perotti le enfatiz\u00f3 a su gabinete es que \u201ctodos y todas sigan trabajando con mucha intensidad, pero tomando todas las precauciones debidas, es decir, escuchar mucho a la gente, tener presencia en donde la gente lo requiera, pero siempre con las previsiones necesarias para evitar el contacto con el virus\u201d.<\/p>\n<p>Para el mandatario provincial \u201ces clave que la gente no abandone la idea del distanciamiento social en cada pr\u00e1ctica cotidiana, continuar con el lavado de manos y la ventilaci\u00f3n de ambientes, adem\u00e1s del uso de barbijos en toda situaci\u00f3n de interacci\u00f3n social\u201d.<\/p>\n<p>Perotti, subray\u00f3 el enorme avance en las acciones de vacunaci\u00f3n de adultos mayores y docentes, donde se pueden observar indicadores destacados a nivel nacional. Como tambi\u00e9n logros concretos con impacto en la econom\u00eda de cada hogar de la provincia: la Billetera Santa Fe con beneficios de reintegros de hasta un 30 por ciento por cada compra, y el Boleto Educativo Gratuito con un ahorro de 3 mil a 4 mil pesos mensuales por familia.<\/p>\n<p>Otra acci\u00f3n espec\u00edfica abordada fue \u201cel apuntalamiento de las pol\u00edticas de seguridad que se ven\u00edan llevando adelante y ahora se ingresar\u00e1 a una fase de consolidaci\u00f3n y presencia concreta, con m\u00e1s polic\u00edas, m\u00e1s equipamiento y m\u00e1s m\u00f3viles. Se trata de una mirada integral en materia de seguridad, con presencia policial y mayor control, pero tambi\u00e9n apostando a la inclusi\u00f3n social, la generaci\u00f3n de trabajo y de nuevas oportunidades para todos y todas\u201d.<\/p>\n<p>Perotti invit\u00f3 a sus funcionarias y funcionarios \u201ca mostrar todo lo que se est\u00e1 realizando desde un Gobierno provincial que cuenta con sensibilidad social para generar arraigo. Esto significa, generar empleo y acompa\u00f1ar la producci\u00f3n, en la b\u00fasqueda de un resultado concreto que llegar\u00e1 a todos: lograr que se aumenten las exportaciones. Es el desaf\u00edo que tenemos y que se va a lograr cumpliendo estrictos protocolos sanitarios y logrando objetivos de superaci\u00f3n\u201d, a\u00f1adi\u00f3 el gobernador.<\/p>\n<p>Adem\u00e1s, para Perotti, es indispensable lograr la aprobaci\u00f3n de la ley conectividad en la C\u00e1mara de Diputados. \u201cEste es un punto central. Que no est\u00e9 aprobada esa ley significa impedir el acceso a internet a las escuelas, a los centros de salud y a las personas. Algo inadmisible porque cercena derechos y genera una gran desigualdad de oportunidades. El Estado provincial debe estar m\u00e1s presente que nunca en todo el territorio santafesino. Es un desaf\u00edo y una obligaci\u00f3n\u201d, concluy\u00f3 el gobernador.<\/p>\n","protected":false},"excerpt":{"rendered":"<p>El gobernador de la provincia mantuvo una videoconferencia donde les plante\u00f3 &#8220;no parar el ritmo actual, seguir trabajando y avanzando en todas las \u00e1reas pero tomando todos los cuidados necesarios por la pandemia&#8221;. El gobernador de la provincia, Omar Perotti encabez\u00f3 este s\u00e1bado la convocatoria en la que junto a la totalidad de los integrantes [&hellip;]<\/p>\n","protected":false},"author":3,"featured_media":18510,"comment_status":"open","ping_status":"open","sticky":false,"template":"","format":"standard","meta":{"_joinchat":[],"footnotes":""},"categories":[60],"tags":[],"class_list":{"0":"post-18509","1":"post","2":"type-post","3":"status-publish","4":"format-standard","5":"has-post-thumbnail","7":"category-provinciales"},"_links":{"self":[{"href":"https:\/\/infovera.com.ar\/web\/wp-json\/wp\/v2\/posts\/18509","targetHints":{"allow":["GET"]}}],"collection":[{"href":"https:\/\/infovera.com.ar\/web\/wp-json\/wp\/v2\/posts"}],"about":[{"href":"https:\/\/infovera.com.ar\/web\/wp-json\/wp\/v2\/types\/post"}],"author":[{"embeddable":true,"href":"https:\/\/infovera.com.ar\/web\/wp-json\/wp\/v2\/users\/3"}],"replies":[{"embeddable":true,"href":"https:\/\/infovera.com.ar\/web\/wp-json\/wp\/v2\/comments?post=18509"}],"version-history":[{"count":0,"href":"https:\/\/infovera.com.ar\/web\/wp-json\/wp\/v2\/posts\/18509\/revisions"}],"wp:featuredmedia":[{"embeddable":true,"href":"https:\/\/infovera.com.ar\/web\/wp-json\/wp\/v2\/media\/18510"}],"wp:attachment":[{"href":"https:\/\/infovera.com.ar\/web\/wp-json\/wp\/v2\/media?parent=18509"}],"wp:term":[{"taxonomy":"category","embeddable":true,"href":"https:\/\/infovera.com.ar\/web\/wp-json\/wp\/v2\/categories?post=18509"},{"taxonomy":"post_tag","embeddable":true,"href":"https:\/\/infovera.com.ar\/web\/wp-json\/wp\/v2\/tags?post=18509"}],"curies":[{"name":"wp","href":"https:\/\/api.w.org\/{rel}","templated":true}]}}