{"id":18480,"date":"2021-03-26T19:16:45","date_gmt":"2021-03-26T22:16:45","guid":{"rendered":"https:\/\/infovera.com.ar\/web\/?p=18480"},"modified":"2021-03-26T19:16:45","modified_gmt":"2021-03-26T22:16:45","slug":"covid-19-continua-el-operativo-de-vacunacion-para-docentes","status":"publish","type":"post","link":"https:\/\/infovera.com.ar\/web\/2021\/03\/26\/covid-19-continua-el-operativo-de-vacunacion-para-docentes\/","title":{"rendered":"Covid-19: contin\u00faa el operativo de vacunaci\u00f3n para docentes"},"content":{"rendered":"<p><strong>La provincia ya aplic\u00f3 el 85% de las vacunas recibidas y se acerca a las 300 mil dosis utilizadas.<\/strong><\/p>\n<p>La ministra de Salud provincial, Sonia Martorano, recorri\u00f3 este viernes el centro de vacunaci\u00f3n instalado en el Centro de Educaci\u00f3n F\u00edsica (CEF) N\u00b029 (Av. Galicia 2002) de la ciudad de Santa Fe, donde contin\u00faa el operativo de inoculaci\u00f3n para docentes p\u00fablicos y privados.<\/p>\n<p>\u201cYa terminamos los primeros listados y ahora estamos completando la segunda parte de inscriptos y con muy buena recepci\u00f3n. Ya llevamos m\u00e1s de 60.000 docentes vacunados y seguimos cumpliendo con las etapas que tienen que ver adem\u00e1s con personal de salud, geri\u00e1tricos, adultos mayores de 80 a\u00f1os. Llevamos mas de 275 mil dosis colocadas\u201d, indic\u00f3 Martorano.<\/p>\n<p>Del mismo modo, record\u00f3: \u201cTenemos una poblaci\u00f3n objetivo para la primera etapa que es de 1.200.000 personas, es decir personal de salud, docentes, seguridad, mayores de 60 a\u00f1os y personas de 18 a 59 a\u00f1os con comorbilidades. Llegamos a un 20% de la poblaci\u00f3n objetivo y aguardando el arribo de m\u00e1s vacunas ya que la preparaci\u00f3n de cada uno de los centros de vacunaci\u00f3n est\u00e1n totalmente listos para colocar 20 mil vacunas por d\u00eda en la provincia tranquilamente\u201d.<\/p>\n<p>Por su parte, la subsecretaria de Gesti\u00f3n Territorial de 1er y 2do nivel de Atenci\u00f3n en Salud, Marcela Fowler, explic\u00f3 que \u201clos operativos est\u00e1n funcionando de una manera correcta, en la Esquina Encendida hoy se turn\u00f3 a 1.600 adultos mayores donde nos encontramos en la etapa final de la inoculaci\u00f3n para mayores de 80 a\u00f1os. En el CEF tenemos la \u00faltima tanda de turnos dados, que son 500, y llevamos en la ciudad de Santa Fe una vacunaci\u00f3n de aproximadamente 9000 docentes\u201d.<\/p>\n<div style=\"width: 640px;\" class=\"wp-video\"><video class=\"wp-video-shortcode\" id=\"video-18480-1\" width=\"640\" height=\"360\" preload=\"metadata\" controls=\"controls\"><source type=\"video\/mp4\" src=\"https:\/\/www.santafe.gob.ar\/noticias\/recursos\/videosHD\/2021\/03\/2021-03-26NID_270433O_1.mp4?_=1\" \/><a href=\"https:\/\/www.santafe.gob.ar\/noticias\/recursos\/videosHD\/2021\/03\/2021-03-26NID_270433O_1.mp4\">https:\/\/www.santafe.gob.ar\/noticias\/recursos\/videosHD\/2021\/03\/2021-03-26NID_270433O_1.mp4<\/a><\/video><\/div>\n<p><strong>VACUNAS APLICADAS EN LA PROVINCIA<\/strong><\/p>\n<p>En este sentido desde la cartera sanitaria se inform\u00f3 que en la provincia de Santa Fe se llevan aplicadas un total de 224.012 primeras dosis de vacunas hasta este jueves. Est\u00e1n compuestas por: Sputnik V 123.928, Covishield 40.260 y Sinopharm 59.824.<\/p>\n<p>Asimismo, se inocularon adem\u00e1s 49.567 personas con la segunda dosis de Sputnik V, haciendo un total de 273.579 vacunas aplicadas en todo el territorio santafesino.<\/p>\n<p><strong>ESTRATEGIA NACIONAL<\/strong><\/p>\n<p>Al ser consultada sobre la estrategia de vacunaci\u00f3n a nivel nacional, la ministra de Salud santafesina explic\u00f3 que \u201ctanto las vacunas Sinopharm como la Astrazeneca son dos dosis iguales, es decir el mismo componente, con la primera dosis ya se logra un 80% de inmunizaci\u00f3n\u201d.<\/p>\n<p>\u201cHay una estrategia que, como la primera dosis no debe colocarse no antes del mes y hasta tres meses sin inconvenientes, la idea es postergar un tiempo y llegar hasta los 90 d\u00edas donde suben mas los anticuerpos y hacer un refuerzo ah\u00ed de manera tal que las vacunas que vayan llegando, y ante una inminencia de una segunda ola como tenemos, poder vacunar m\u00e1s cantidad de personas con la primera dosis\u201d, expres\u00f3 Martorano.<\/p>\n","protected":false},"excerpt":{"rendered":"<p>La provincia ya aplic\u00f3 el 85% de las vacunas recibidas y se acerca a las 300 mil dosis utilizadas. La ministra de Salud provincial, Sonia Martorano, recorri\u00f3 este viernes el centro de vacunaci\u00f3n instalado en el Centro de Educaci\u00f3n F\u00edsica (CEF) N\u00b029 (Av. Galicia 2002) de la ciudad de Santa Fe, donde contin\u00faa el operativo [&hellip;]<\/p>\n","protected":false},"author":3,"featured_media":18481,"comment_status":"open","ping_status":"open","sticky":false,"template":"","format":"standard","meta":{"_joinchat":[],"footnotes":""},"categories":[60],"tags":[],"class_list":{"0":"post-18480","1":"post","2":"type-post","3":"status-publish","4":"format-standard","5":"has-post-thumbnail","7":"category-provinciales"},"_links":{"self":[{"href":"https:\/\/infovera.com.ar\/web\/wp-json\/wp\/v2\/posts\/18480","targetHints":{"allow":["GET"]}}],"collection":[{"href":"https:\/\/infovera.com.ar\/web\/wp-json\/wp\/v2\/posts"}],"about":[{"href":"https:\/\/infovera.com.ar\/web\/wp-json\/wp\/v2\/types\/post"}],"author":[{"embeddable":true,"href":"https:\/\/infovera.com.ar\/web\/wp-json\/wp\/v2\/users\/3"}],"replies":[{"embeddable":true,"href":"https:\/\/infovera.com.ar\/web\/wp-json\/wp\/v2\/comments?post=18480"}],"version-history":[{"count":0,"href":"https:\/\/infovera.com.ar\/web\/wp-json\/wp\/v2\/posts\/18480\/revisions"}],"wp:featuredmedia":[{"embeddable":true,"href":"https:\/\/infovera.com.ar\/web\/wp-json\/wp\/v2\/media\/18481"}],"wp:attachment":[{"href":"https:\/\/infovera.com.ar\/web\/wp-json\/wp\/v2\/media?parent=18480"}],"wp:term":[{"taxonomy":"category","embeddable":true,"href":"https:\/\/infovera.com.ar\/web\/wp-json\/wp\/v2\/categories?post=18480"},{"taxonomy":"post_tag","embeddable":true,"href":"https:\/\/infovera.com.ar\/web\/wp-json\/wp\/v2\/tags?post=18480"}],"curies":[{"name":"wp","href":"https:\/\/api.w.org\/{rel}","templated":true}]}}